{"id":28340,"date":"2025-08-25T10:57:26","date_gmt":"2025-08-25T08:57:26","guid":{"rendered":"https:\/\/www.corso-saunamanufaktur.com\/?p=28340"},"modified":"2025-09-03T09:10:36","modified_gmt":"2025-09-03T07:10:36","slug":"sauna-bois-usage-facade-verre","status":"publish","type":"post","link":"https:\/\/www.corso-saunamanufaktur.com\/fr\/sauna-bois-usage-facade-verre\/","title":{"rendered":"Sauna en bois usag\u00e9 avec fa\u00e7ade en verre"},"content":{"rendered":"\n<div class=\"wp-block-jetpack-layout-grid column1-desktop-grid__span-8 column1-desktop-grid__row-1 column2-desktop-grid__span-4 column2-desktop-grid__start-9 column2-desktop-grid__row-1 column1-tablet-grid__span-4 column1-tablet-grid__row-1 column2-tablet-grid__span-4 column2-tablet-grid__start-5 column2-tablet-grid__row-1 column1-mobile-grid__span-4 column1-mobile-grid__row-1 column2-mobile-grid__span-4 column2-mobile-grid__row-2\">\n<div class=\"wp-block-jetpack-layout-grid-column wp-block-jetpack-layout-grid__padding-none\"><div id=\"gutenslider-o0ougilhz\" class=\"wp-block-eedee-block-gutenslider content-change alignnone arrow-style-1 arrow-position-sides arrow-mb-none arrows-lg arrows-md arrows-sm dot-style-1 dots-lg dots-md dots-sm dot-position-bottom is-position-center-center mb-none\" style=\"--gutenslider-min-height: 50vh;--gutenslider-arrow-size: 30px;--gutenslider-dot-size: 25px;--gutenslider-arrow-color: #ffffff;--gutenslider-dot-color: #ffffff;--gutenslider-padding-y-mobile: 40px;--gutenslider-padding-x-mobile: 40px;--gutenslider-padding-y-tablet: 40px;--gutenslider-padding-x-tablet: 40px;--gutenslider-padding-y-desktop: 40px;--gutenslider-padding-x-desktop: 40px;--gutenslider-bg-image: url();--gutenslider-min-height-md: 50vh;--gutenslider-min-height-sm: 50vh;--gutenslider-padding-x: 40px;--gutenslider-padding-x-md: 40px;--gutenslider-padding-x-sm: 20px;--gutenslider-padding-y: 40px;--gutenslider-padding-y-md: 40px;--gutenslider-padding-y-sm: 20px;--gutenslider-arrow-size-md: 30px;--gutenslider-arrow-size-sm: 30px;--gutenslider-dot-size-md: 25px;--gutenslider-dot-size-sm: 25px;--gutenslider-arrow-bg-color: transparent;--gutenslider-arrow-hover-color: #eeeeee;--gutenslider-arrow-bg-hover-color: transparent;--gutenslider-arrow-x-offset: 10px;--gutenslider-arrow-x-offset-md: 10px;--gutenslider-arrow-x-offset-sm: 10px;--gutenslider-arrow-y-offset: 0px;--gutenslider-arrow-y-offset-md: 0px;--gutenslider-arrow-y-offset-sm: 0px;--gutenslider-arrow-x-spacing: 0px;--gutenslider-dot-y-offset: 10px;--gutenslider-dot-y-offset-md: 10px;--gutenslider-dot-y-offset-sm: 10px;--gutenslider-margin-x: 0px;--gutenslider-margin-x-md: 0px;--gutenslider-margin-x-sm: 0px;--gutenslider-margin-y: 0px;--gutenslider-margin-y-md: 0px;--gutenslider-margin-y-sm: 0px;--gutenslider-divider-top: 60px;--gutenslider-divider-bottom: 60px;--gutenslider-lightgallery-bg: #ffffff;--gutenslider-lightgallery-font: #000000;\" data-parallax-direction=\"down\" data-parallax-amount=\"1.3\" data-lg-transition=\"lg-slide\" data-hash=\"\"><div class=\"eedee-swiper-outer\"><div class=\"gutenslider-divider-top\" style=\"color:#fff; height:60px;\"><\/div><div class=\"swiper\" data-settings='{\"autoplay\":{\"delay\":3000,\"pauseOnMouseEnter\":true,\"disableOnInteraction\":false},\"speed\":700,\"direction\":\"horizontal\",\"autoHeight\":\"\",\"loop\":true,\"centeredSlides\":true,\"spaceBetween\":0,\"slidesPerView\":1,\"slidesPerGroup\":1,\"effect\":\"slide\",\"coverflowEffect\":{\"rotate\":30,\"slideShadows\":false,\"depth\":100,\"stretch\":50,\"modifier\":1},\"fadeEffect\":{\"crossFade\":true},\"zoom\":\"\",\"navigation\":{\"nextEl\":\"#gutenslider-o0ougilhz .eedee-gutenslider-next\",\"prevEl\":\"#gutenslider-o0ougilhz .eedee-gutenslider-prev\"},\"pagination\":{\"type\":\"bullets\",\"clickable\":true,\"dynamicBullets\":false,\"el\":\"#gutenslider-o0ougilhz .eedee-gutenslider-pagination\"},\"pauseOnHover\":\"1\",\"watchSlidesProgress\":true,\"watchSlidesVisibility\":true,\"settingsMd\":{\"autoHeight\":\"\",\"slidesPerView\":1,\"slidesPerGroup\":1,\"spaceBetween\":0},\"settingsLg\":{\"autoHeight\":\"\",\"slidesPerView\":1,\"slidesPerGroup\":1,\"spaceBetween\":0},\"hasLg\":false,\"hasLgCounter\":true,\"isFullScreen\":false,\"arrowsFollowMouse\":false,\"lgTitle\":\"none\",\"lgCaption\":\"none\",\"lgThumbnails\":true,\"keyboard\":{\"keyboard\":{\"enabled\":true,\"onlyInViewport\":true}},\"hashNavigation\":false}'><div class=\"swiper-wrapper\">\n<div class=\"swiper-slide wp-block-eedee-block-gutenslide is-position-center-center ed-bg-image\" style=\"--ed-vw:480;--ed-vh:320;\" data-hash=\"\"><div class=\"eedee-background-div bg-image\"><img decoding=\"async\" width=\"1280\" height=\"853\" class=\"swiper-lazy wp-image-28350\" src=\"https:\/\/www.corso-saunamanufaktur.com\/wp-content\/uploads\/2025\/08\/Altholz-Sauna-nach-Mass-Glasfront-5-1-1280x853.jpg\" alt=\"Altholzsauna mit Glasfront und nach au\u00dfen fortgef\u00fchrter Wand. Ma\u00dfanfertigung direkt neben der Dusche.\" style=\"object-fit: cover; object-position: 50% 50%;\" data-title=\"Altholz-Sauna-nach-Mass-Glasfront-5\" title=\"\" srcset=\"https:\/\/www.corso-saunamanufaktur.com\/wp-content\/uploads\/2025\/08\/Altholz-Sauna-nach-Mass-Glasfront-5-1-1280x853.jpg 1280w, https:\/\/www.corso-saunamanufaktur.com\/wp-content\/uploads\/2025\/08\/Altholz-Sauna-nach-Mass-Glasfront-5-1-480x320.jpg 480w, https:\/\/www.corso-saunamanufaktur.com\/wp-content\/uploads\/2025\/08\/Altholz-Sauna-nach-Mass-Glasfront-5-1-768x512.jpg 768w, https:\/\/www.corso-saunamanufaktur.com\/wp-content\/uploads\/2025\/08\/Altholz-Sauna-nach-Mass-Glasfront-5-1.jpg 1400w\" sizes=\"(max-width: 1280px) 100vw, 1280px\" \/><div class=\"eedee-background-div__overlay\" style=\"opacity:1;\"><\/div><\/div><div class=\"slide-content\">\n\n<p class=\"has-text-align-center gutenslider-content-initial has-larger-font-size\"><\/p>\n\n<\/div><\/div>\n\n<div class=\"swiper-slide wp-block-eedee-block-gutenslide is-position-center-center ed-bg-image\" style=\"--ed-vw:480;--ed-vh:320;\" data-hash=\"\"><div class=\"eedee-background-div bg-image\"><img decoding=\"async\" width=\"1280\" height=\"853\" class=\"swiper-lazy wp-image-28344\" src=\"https:\/\/www.corso-saunamanufaktur.com\/wp-content\/uploads\/2025\/08\/Altholz-Sauna-nach-Mass-Glasfront-3-1-1280x853.jpg\" alt=\"Altholzsauna mit Glasfront und nach au\u00dfen fortgef\u00fchrter Wand. Ma\u00dfanfertigung direkt neben der Dusche.\" style=\"object-fit: cover; object-position: 50% 50%;\" data-title=\"Altholz-Sauna-nach-Mass-Glasfront-3\" title=\"\" srcset=\"https:\/\/www.corso-saunamanufaktur.com\/wp-content\/uploads\/2025\/08\/Altholz-Sauna-nach-Mass-Glasfront-3-1-1280x853.jpg 1280w, https:\/\/www.corso-saunamanufaktur.com\/wp-content\/uploads\/2025\/08\/Altholz-Sauna-nach-Mass-Glasfront-3-1-480x320.jpg 480w, https:\/\/www.corso-saunamanufaktur.com\/wp-content\/uploads\/2025\/08\/Altholz-Sauna-nach-Mass-Glasfront-3-1-768x512.jpg 768w, https:\/\/www.corso-saunamanufaktur.com\/wp-content\/uploads\/2025\/08\/Altholz-Sauna-nach-Mass-Glasfront-3-1.jpg 1400w\" sizes=\"(max-width: 1280px) 100vw, 1280px\" \/><div class=\"eedee-background-div__overlay\" style=\"opacity:1;\"><\/div><\/div><div class=\"slide-content\">\n\n<p class=\"has-text-align-center gutenslider-content-initial has-larger-font-size\"><\/p>\n\n<\/div><\/div>\n\n<div class=\"swiper-slide wp-block-eedee-block-gutenslide is-position-center-center ed-bg-image\" style=\"--ed-vw:480;--ed-vh:320;\" data-hash=\"\"><div class=\"eedee-background-div bg-image\"><img decoding=\"async\" width=\"1280\" height=\"853\" class=\"swiper-lazy wp-image-28347\" src=\"https:\/\/www.corso-saunamanufaktur.com\/wp-content\/uploads\/2025\/08\/Altholz-Sauna-nach-Mass-Glasfront-4-1-1280x853.jpg\" alt=\"Altholzsauna mit Glasfront und nach au\u00dfen fortgef\u00fchrter Wand. Ma\u00dfanfertigung direkt neben der Dusche.\" style=\"object-fit: cover; object-position: 50% 50%;\" data-title=\"Altholz-Sauna-nach-Mass-Glasfront-4\" title=\"\" srcset=\"https:\/\/www.corso-saunamanufaktur.com\/wp-content\/uploads\/2025\/08\/Altholz-Sauna-nach-Mass-Glasfront-4-1-1280x853.jpg 1280w, https:\/\/www.corso-saunamanufaktur.com\/wp-content\/uploads\/2025\/08\/Altholz-Sauna-nach-Mass-Glasfront-4-1-480x320.jpg 480w, https:\/\/www.corso-saunamanufaktur.com\/wp-content\/uploads\/2025\/08\/Altholz-Sauna-nach-Mass-Glasfront-4-1-768x512.jpg 768w, https:\/\/www.corso-saunamanufaktur.com\/wp-content\/uploads\/2025\/08\/Altholz-Sauna-nach-Mass-Glasfront-4-1.jpg 1400w\" sizes=\"(max-width: 1280px) 100vw, 1280px\" \/><div class=\"eedee-background-div__overlay\" style=\"opacity:1;\"><\/div><\/div><div class=\"slide-content\">\n\n<p class=\"has-text-align-center gutenslider-content-initial has-larger-font-size\"><\/p>\n\n<\/div><\/div>\n\n<div class=\"swiper-slide wp-block-eedee-block-gutenslide is-position-center-center ed-bg-image\" style=\"--ed-vw:480;--ed-vh:320;\" data-hash=\"\"><div class=\"eedee-background-div bg-image\"><img decoding=\"async\" width=\"1280\" height=\"853\" class=\"swiper-lazy wp-image-28356\" src=\"https:\/\/www.corso-saunamanufaktur.com\/wp-content\/uploads\/2025\/08\/Altholz-Sauna-nach-Mass-Glasfront-7-1-1280x853.jpg\" alt=\"\" style=\"object-fit: cover; object-position: 50% 50%;\" data-title=\"Altholz-Sauna-nach-Mass-Glasfront-7\" title=\"\" srcset=\"https:\/\/www.corso-saunamanufaktur.com\/wp-content\/uploads\/2025\/08\/Altholz-Sauna-nach-Mass-Glasfront-7-1-1280x853.jpg 1280w, https:\/\/www.corso-saunamanufaktur.com\/wp-content\/uploads\/2025\/08\/Altholz-Sauna-nach-Mass-Glasfront-7-1-480x320.jpg 480w, https:\/\/www.corso-saunamanufaktur.com\/wp-content\/uploads\/2025\/08\/Altholz-Sauna-nach-Mass-Glasfront-7-1-768x512.jpg 768w, https:\/\/www.corso-saunamanufaktur.com\/wp-content\/uploads\/2025\/08\/Altholz-Sauna-nach-Mass-Glasfront-7-1.jpg 1400w\" sizes=\"(max-width: 1280px) 100vw, 1280px\" \/><div class=\"eedee-background-div__overlay\" style=\"opacity:1;\"><\/div><\/div><div class=\"slide-content\">\n\n<p class=\"has-text-align-center gutenslider-content-initial has-larger-font-size\"><\/p>\n\n<\/div><\/div>\n\n<div class=\"swiper-slide wp-block-eedee-block-gutenslide is-position-center-center ed-bg-image\" style=\"--ed-vw:480;--ed-vh:320;\" data-hash=\"\"><div class=\"eedee-background-div bg-image\"><img decoding=\"async\" width=\"1280\" height=\"853\" class=\"swiper-lazy wp-image-28341\" src=\"https:\/\/www.corso-saunamanufaktur.com\/wp-content\/uploads\/2025\/08\/Altholz-Sauna-nach-Mass-Glasfront-1-1-1280x853.jpg\" alt=\"Altholzsauna mit Glasfront und nach au\u00dfen fortgef\u00fchrter Wand. Ma\u00dfanfertigung direkt neben der Dusche.\" style=\"object-fit: cover; object-position: 50% 50%;\" data-title=\"Altholz-Sauna-nach-Mass-Glasfront-1\" title=\"\" srcset=\"https:\/\/www.corso-saunamanufaktur.com\/wp-content\/uploads\/2025\/08\/Altholz-Sauna-nach-Mass-Glasfront-1-1-1280x853.jpg 1280w, https:\/\/www.corso-saunamanufaktur.com\/wp-content\/uploads\/2025\/08\/Altholz-Sauna-nach-Mass-Glasfront-1-1-480x320.jpg 480w, https:\/\/www.corso-saunamanufaktur.com\/wp-content\/uploads\/2025\/08\/Altholz-Sauna-nach-Mass-Glasfront-1-1-768x512.jpg 768w, https:\/\/www.corso-saunamanufaktur.com\/wp-content\/uploads\/2025\/08\/Altholz-Sauna-nach-Mass-Glasfront-1-1.jpg 1400w\" sizes=\"(max-width: 1280px) 100vw, 1280px\" \/><div class=\"eedee-background-div__overlay\" style=\"opacity:1;\"><\/div><\/div><div class=\"slide-content\">\n\n<p class=\"has-text-align-center gutenslider-content-initial has-larger-font-size\"><\/p>\n\n<\/div><\/div>\n\n<div class=\"swiper-slide wp-block-eedee-block-gutenslide is-position-center-center ed-bg-image\" style=\"--ed-vw:480;--ed-vh:320;\" data-hash=\"\"><div class=\"eedee-background-div bg-image\"><img decoding=\"async\" width=\"1280\" height=\"853\" class=\"swiper-lazy wp-image-28359\" src=\"https:\/\/www.corso-saunamanufaktur.com\/wp-content\/uploads\/2025\/08\/Altholz-Sauna-nach-Mass-Glasfront-12-1-1280x853.jpg\" alt=\"Haus im Ammerland\" style=\"object-fit: cover; object-position: 50% 50%;\" data-title=\"Altholz-Sauna-nach-Mass-Glasfront-12\" title=\"\" srcset=\"https:\/\/www.corso-saunamanufaktur.com\/wp-content\/uploads\/2025\/08\/Altholz-Sauna-nach-Mass-Glasfront-12-1-1280x853.jpg 1280w, https:\/\/www.corso-saunamanufaktur.com\/wp-content\/uploads\/2025\/08\/Altholz-Sauna-nach-Mass-Glasfront-12-1-480x320.jpg 480w, https:\/\/www.corso-saunamanufaktur.com\/wp-content\/uploads\/2025\/08\/Altholz-Sauna-nach-Mass-Glasfront-12-1-768x512.jpg 768w, https:\/\/www.corso-saunamanufaktur.com\/wp-content\/uploads\/2025\/08\/Altholz-Sauna-nach-Mass-Glasfront-12-1.jpg 1400w\" sizes=\"(max-width: 1280px) 100vw, 1280px\" \/><div class=\"eedee-background-div__overlay\" style=\"opacity:1;\"><\/div><\/div><div class=\"slide-content\">\n\n<p class=\"has-text-align-center gutenslider-content-initial has-larger-font-size\"><\/p>\n\n<\/div><\/div>\n\n<div class=\"swiper-slide wp-block-eedee-block-gutenslide is-position-center-center ed-bg-image\" style=\"--ed-vw:480;--ed-vh:320;\" data-hash=\"\"><div class=\"eedee-background-div bg-image\"><img decoding=\"async\" width=\"1280\" height=\"853\" class=\"swiper-lazy wp-image-28353\" src=\"https:\/\/www.corso-saunamanufaktur.com\/wp-content\/uploads\/2025\/08\/Altholz-Sauna-nach-Mass-Glasfront-6-1-1280x853.jpg\" alt=\"Altholzsauna mit Glasfront und nach au\u00dfen fortgef\u00fchrter Wand. Ma\u00dfanfertigung direkt neben der Dusche.\" style=\"object-fit: cover; object-position: 50% 50%;\" data-title=\"Altholz-Sauna-nach-Mass-Glasfront-6\" title=\"\" srcset=\"https:\/\/www.corso-saunamanufaktur.com\/wp-content\/uploads\/2025\/08\/Altholz-Sauna-nach-Mass-Glasfront-6-1-1280x853.jpg 1280w, https:\/\/www.corso-saunamanufaktur.com\/wp-content\/uploads\/2025\/08\/Altholz-Sauna-nach-Mass-Glasfront-6-1-480x320.jpg 480w, https:\/\/www.corso-saunamanufaktur.com\/wp-content\/uploads\/2025\/08\/Altholz-Sauna-nach-Mass-Glasfront-6-1-768x512.jpg 768w, https:\/\/www.corso-saunamanufaktur.com\/wp-content\/uploads\/2025\/08\/Altholz-Sauna-nach-Mass-Glasfront-6-1.jpg 1400w\" sizes=\"(max-width: 1280px) 100vw, 1280px\" \/><div class=\"eedee-background-div__overlay\" style=\"opacity:1;\"><\/div><\/div><div class=\"slide-content\">\n\n<p class=\"has-text-align-center gutenslider-content-initial has-larger-font-size\"><\/p>\n\n<\/div><\/div>\n<\/div><\/div><button class=\"eedee-gutenslider-nav eedee-gutenslider-prev\" aria-label=\"Previous Slide\" aria-disabled=\"false\"><svg xmlns=\"http:\/\/www.w3.org\/2000\/svg\" viewBox=\"0 0 24 24\" width=\"24\" height=\"24\"><circle class=\"bg\" cx=\"13\" cy=\"12\" r=\"11\" \/><path fill=\"none\" d=\"M0 0h24v24H0z\"\/><path class=\"arrow\" d=\"M10.828 12l4.95 4.95-1.414 1.414L8 12l6.364-6.364 1.414 1.414z\"\/><\/svg><\/button><button class=\"eedee-gutenslider-nav eedee-gutenslider-next\" aria-label=\"Next Slide\" aria-disabled=\"false\"><svg xmlns=\"http:\/\/www.w3.org\/2000\/svg\" viewBox=\"0 0 24 24\" width=\"24\" height=\"24\"><circle class=\"bg\" cx=\"11\" cy=\"12\" r=\"11\" \/><path fill=\"none\" d=\"M0 0h24v24H0z\"\/><path class=\"arrow\" d=\"M13.172 12l-4.95-4.95 1.414-1.414L16 12l-6.364 6.364-1.414-1.414z\"\/><\/svg><\/button><div class=\"eedee-gutenslider-pagination\"><\/div><\/div><div class=\"gutenslider-divider-bottom \" style=\"color:#fff; height:60px;\"><\/div><\/div><\/div>\n\n\n\n<div class=\"wp-block-jetpack-layout-grid-column is-style-border wp-block-jetpack-layout-grid__padding-none\">\n<p>Sauna en bois usag\u00e9 avec fa\u00e7ade vitr\u00e9e dans un espace combin\u00e9 fitness et bien-\u00eatre. Nous avons pu mettre en \u0153uvre ce projet pour un client d\u2019Ammerland en tant que solution de sauna sur mesure: le positionnement directement \u00e0 c\u00f4t\u00e9 de la douche est id\u00e9al pour se rafra\u00eechir apr\u00e8s le sauna. La g\u00e9n\u00e9reuse fa\u00e7ade vitr\u00e9e permet une vue directe sur la verdure. Le rev\u00eatement en bois usag\u00e9, qui est prolong\u00e9 vers l&rsquo;ext\u00e9rieur, agrandit visuellement le sauna en bois usag\u00e9 dans la pi\u00e8ce. L\u2019\u00e9clairage LED indirect&#8230;<\/p>\n\n\n\n<div class=\"wp-block-buttons is-layout-flex wp-block-buttons-is-layout-flex\">\n<div class=\"wp-block-button\"><a class=\"wp-block-button__link has-very-dark-gray-color has-luminous-vivid-amber-background-color has-text-color has-background no-border-radius wp-element-button\" href=\"#weiter\"><strong>plus  &gt;<\/strong><\/a><\/div>\n<\/div>\n\n\n\n<p><\/p>\n<\/div>\n<\/div>\n\n\n\n<div class=\"wp-block-jetpack-layout-grid column1-desktop-grid__span-12 column1-desktop-grid__row-1 column1-tablet-grid__span-8 column1-tablet-grid__row-1 column1-mobile-grid__span-4 column1-mobile-grid__row-1\">\n<div class=\"wp-block-jetpack-layout-grid-column wp-block-jetpack-layout-grid__padding-none\"><div id=\"crsx-mb-block-ef66646c-f484-43cd-8b3f-abec1943481b\" class=\"crsx-testimonnial-image is-style-alignfull\" style=\"background-image: url(https:\/\/www.corso-saunamanufaktur.com\/wp-content\/uploads\/2020\/06\/Corso-Zitate_Yoga_2000x600.jpg)\">\n\t\t<div class=\"icon\">\n\t\t<img decoding=\"async\" class=\"img-icon\" src=\"https:\/\/www.corso-saunamanufaktur.com\/wp-content\/uploads\/2020\/06\/CORSO-5013_s_ma-beratung.svg\" alt=\"\" title=\"\">\n\t<\/div>\n\t\t<div class=\"panel\">\n\t\t<div class=\"intro\">Clients satisfaits<\/div>\n\t\t<blockquote class=\"quote\">Nous sommes extr\u00eamement satisfaits. Tr\u00e8s bons conseils et donc planification parfaite. C&rsquo;est formidable que cela existe encore.<\/blockquote>\n\t\t<div class=\"source\">Ma\u00eetre d&rsquo;ouvrage<\/div>\n\t\t\t<\/div>\n<\/div>\n<\/div>\n<\/div>\n\n\n\n<div class=\"wp-block-jetpack-layout-grid column1-desktop-grid__span-8 column1-desktop-grid__row-1 column2-desktop-grid__span-4 column2-desktop-grid__start-9 column2-desktop-grid__row-1 column1-tablet-grid__span-4 column1-tablet-grid__row-1 column2-tablet-grid__span-4 column2-tablet-grid__start-5 column2-tablet-grid__row-1 column1-mobile-grid__span-4 column1-mobile-grid__row-1 column2-mobile-grid__span-4 column2-mobile-grid__row-2\">\n<div class=\"wp-block-jetpack-layout-grid-column wp-block-jetpack-layout-grid__padding-none\">\n<figure class=\"wp-block-gallery has-nested-images columns-2 is-cropped wp-block-gallery-1 is-layout-flex wp-block-gallery-is-layout-flex\">\n<figure class=\"wp-block-image size-large\"><a href=\"https:\/\/www.corso-saunamanufaktur.com\/wp-content\/uploads\/2025\/08\/Altholz-Sauna-nach-Mass-Glasfront-5-1-1280x853.jpg\"><img decoding=\"async\" width=\"1280\" height=\"853\" data-id=\"28350\" src=\"https:\/\/www.corso-saunamanufaktur.com\/wp-content\/uploads\/2025\/08\/Altholz-Sauna-nach-Mass-Glasfront-5-1-1280x853.jpg\" alt=\"Vieux sauna en bois avec fa\u00e7ade et mur en verre continuant vers l\u2019ext\u00e9rieur. Fabriqu\u00e9 sur mesure juste \u00e0 c\u00f4t\u00e9 de la douche.\" class=\"wp-image-28350\" title=\"\" srcset=\"https:\/\/www.corso-saunamanufaktur.com\/wp-content\/uploads\/2025\/08\/Altholz-Sauna-nach-Mass-Glasfront-5-1-1280x853.jpg 1280w, https:\/\/www.corso-saunamanufaktur.com\/wp-content\/uploads\/2025\/08\/Altholz-Sauna-nach-Mass-Glasfront-5-1-480x320.jpg 480w, https:\/\/www.corso-saunamanufaktur.com\/wp-content\/uploads\/2025\/08\/Altholz-Sauna-nach-Mass-Glasfront-5-1-768x512.jpg 768w, https:\/\/www.corso-saunamanufaktur.com\/wp-content\/uploads\/2025\/08\/Altholz-Sauna-nach-Mass-Glasfront-5-1.jpg 1400w\" sizes=\"(max-width: 1280px) 100vw, 1280px\" \/><\/a><\/figure>\n\n\n\n<figure class=\"wp-block-image size-large\"><a href=\"https:\/\/www.corso-saunamanufaktur.com\/wp-content\/uploads\/2025\/08\/Altholz-Sauna-nach-Mass-Glasfront-3-1-1280x853.jpg\"><img decoding=\"async\" width=\"1280\" height=\"853\" data-id=\"28344\" src=\"https:\/\/www.corso-saunamanufaktur.com\/wp-content\/uploads\/2025\/08\/Altholz-Sauna-nach-Mass-Glasfront-3-1-1280x853.jpg\" alt=\"Vieux sauna en bois avec fa\u00e7ade et mur en verre continuant vers l\u2019ext\u00e9rieur. Fabriqu\u00e9 sur mesure juste \u00e0 c\u00f4t\u00e9 de la douche.\" class=\"wp-image-28344\" title=\"\" srcset=\"https:\/\/www.corso-saunamanufaktur.com\/wp-content\/uploads\/2025\/08\/Altholz-Sauna-nach-Mass-Glasfront-3-1-1280x853.jpg 1280w, https:\/\/www.corso-saunamanufaktur.com\/wp-content\/uploads\/2025\/08\/Altholz-Sauna-nach-Mass-Glasfront-3-1-480x320.jpg 480w, https:\/\/www.corso-saunamanufaktur.com\/wp-content\/uploads\/2025\/08\/Altholz-Sauna-nach-Mass-Glasfront-3-1-768x512.jpg 768w, https:\/\/www.corso-saunamanufaktur.com\/wp-content\/uploads\/2025\/08\/Altholz-Sauna-nach-Mass-Glasfront-3-1.jpg 1400w\" sizes=\"(max-width: 1280px) 100vw, 1280px\" \/><\/a><\/figure>\n\n\n\n<figure class=\"wp-block-image size-large\"><a href=\"https:\/\/www.corso-saunamanufaktur.com\/wp-content\/uploads\/2025\/08\/Altholz-Sauna-nach-Mass-Glasfront-4-1-1280x853.jpg\"><img decoding=\"async\" width=\"1280\" height=\"853\" data-id=\"28347\" src=\"https:\/\/www.corso-saunamanufaktur.com\/wp-content\/uploads\/2025\/08\/Altholz-Sauna-nach-Mass-Glasfront-4-1-1280x853.jpg\" alt=\"Vieux sauna en bois avec fa\u00e7ade et mur en verre continuant vers l\u2019ext\u00e9rieur. Fabriqu\u00e9 sur mesure juste \u00e0 c\u00f4t\u00e9 de la douche.\" class=\"wp-image-28347\" title=\"\" srcset=\"https:\/\/www.corso-saunamanufaktur.com\/wp-content\/uploads\/2025\/08\/Altholz-Sauna-nach-Mass-Glasfront-4-1-1280x853.jpg 1280w, https:\/\/www.corso-saunamanufaktur.com\/wp-content\/uploads\/2025\/08\/Altholz-Sauna-nach-Mass-Glasfront-4-1-480x320.jpg 480w, https:\/\/www.corso-saunamanufaktur.com\/wp-content\/uploads\/2025\/08\/Altholz-Sauna-nach-Mass-Glasfront-4-1-768x512.jpg 768w, https:\/\/www.corso-saunamanufaktur.com\/wp-content\/uploads\/2025\/08\/Altholz-Sauna-nach-Mass-Glasfront-4-1.jpg 1400w\" sizes=\"(max-width: 1280px) 100vw, 1280px\" \/><\/a><\/figure>\n\n\n\n<figure class=\"wp-block-image size-large\"><a href=\"https:\/\/www.corso-saunamanufaktur.com\/wp-content\/uploads\/2025\/08\/Altholz-Sauna-nach-Mass-Glasfront-1-1-1280x853.jpg\"><img decoding=\"async\" width=\"1280\" height=\"853\" data-id=\"28341\" src=\"https:\/\/www.corso-saunamanufaktur.com\/wp-content\/uploads\/2025\/08\/Altholz-Sauna-nach-Mass-Glasfront-1-1-1280x853.jpg\" alt=\"Vieux sauna en bois avec fa\u00e7ade et mur en verre continuant vers l\u2019ext\u00e9rieur. Fabriqu\u00e9 sur mesure juste \u00e0 c\u00f4t\u00e9 de la douche.\" class=\"wp-image-28341\" title=\"\" srcset=\"https:\/\/www.corso-saunamanufaktur.com\/wp-content\/uploads\/2025\/08\/Altholz-Sauna-nach-Mass-Glasfront-1-1-1280x853.jpg 1280w, https:\/\/www.corso-saunamanufaktur.com\/wp-content\/uploads\/2025\/08\/Altholz-Sauna-nach-Mass-Glasfront-1-1-480x320.jpg 480w, https:\/\/www.corso-saunamanufaktur.com\/wp-content\/uploads\/2025\/08\/Altholz-Sauna-nach-Mass-Glasfront-1-1-768x512.jpg 768w, https:\/\/www.corso-saunamanufaktur.com\/wp-content\/uploads\/2025\/08\/Altholz-Sauna-nach-Mass-Glasfront-1-1.jpg 1400w\" sizes=\"(max-width: 1280px) 100vw, 1280px\" \/><\/a><\/figure>\n\n\n\n<figure class=\"wp-block-image size-large\"><a href=\"https:\/\/www.corso-saunamanufaktur.com\/wp-content\/uploads\/2025\/08\/Altholz-Sauna-nach-Mass-Glasfront-6-1-1280x853.jpg\"><img decoding=\"async\" width=\"1280\" height=\"853\" data-id=\"28353\" src=\"https:\/\/www.corso-saunamanufaktur.com\/wp-content\/uploads\/2025\/08\/Altholz-Sauna-nach-Mass-Glasfront-6-1-1280x853.jpg\" alt=\"Vieux sauna en bois avec fa\u00e7ade et mur en verre continuant vers l\u2019ext\u00e9rieur. Fabriqu\u00e9 sur mesure juste \u00e0 c\u00f4t\u00e9 de la douche.\" class=\"wp-image-28353\" title=\"\" srcset=\"https:\/\/www.corso-saunamanufaktur.com\/wp-content\/uploads\/2025\/08\/Altholz-Sauna-nach-Mass-Glasfront-6-1-1280x853.jpg 1280w, https:\/\/www.corso-saunamanufaktur.com\/wp-content\/uploads\/2025\/08\/Altholz-Sauna-nach-Mass-Glasfront-6-1-480x320.jpg 480w, https:\/\/www.corso-saunamanufaktur.com\/wp-content\/uploads\/2025\/08\/Altholz-Sauna-nach-Mass-Glasfront-6-1-768x512.jpg 768w, https:\/\/www.corso-saunamanufaktur.com\/wp-content\/uploads\/2025\/08\/Altholz-Sauna-nach-Mass-Glasfront-6-1.jpg 1400w\" sizes=\"(max-width: 1280px) 100vw, 1280px\" \/><\/a><\/figure>\n\n\n\n<figure class=\"wp-block-image size-large\"><a href=\"https:\/\/www.corso-saunamanufaktur.com\/wp-content\/uploads\/2025\/08\/Altholz-Sauna-nach-Mass-Glasfront-12-1-1280x853.jpg\"><img decoding=\"async\" width=\"1280\" height=\"853\" data-id=\"28359\" src=\"https:\/\/www.corso-saunamanufaktur.com\/wp-content\/uploads\/2025\/08\/Altholz-Sauna-nach-Mass-Glasfront-12-1-1280x853.jpg\" alt=\"Maison dans l\u2019Ammerland\" class=\"wp-image-28359\" title=\"\" srcset=\"https:\/\/www.corso-saunamanufaktur.com\/wp-content\/uploads\/2025\/08\/Altholz-Sauna-nach-Mass-Glasfront-12-1-1280x853.jpg 1280w, https:\/\/www.corso-saunamanufaktur.com\/wp-content\/uploads\/2025\/08\/Altholz-Sauna-nach-Mass-Glasfront-12-1-480x320.jpg 480w, https:\/\/www.corso-saunamanufaktur.com\/wp-content\/uploads\/2025\/08\/Altholz-Sauna-nach-Mass-Glasfront-12-1-768x512.jpg 768w, https:\/\/www.corso-saunamanufaktur.com\/wp-content\/uploads\/2025\/08\/Altholz-Sauna-nach-Mass-Glasfront-12-1.jpg 1400w\" sizes=\"(max-width: 1280px) 100vw, 1280px\" \/><\/a><\/figure>\n\n\n\n<figure class=\"wp-block-image size-large\"><a href=\"https:\/\/www.corso-saunamanufaktur.com\/wp-content\/uploads\/2025\/08\/Altholz-Sauna-nach-Mass-Glasfront-7-1-1280x853.jpg\"><img decoding=\"async\" width=\"1280\" height=\"853\" data-id=\"28356\" src=\"https:\/\/www.corso-saunamanufaktur.com\/wp-content\/uploads\/2025\/08\/Altholz-Sauna-nach-Mass-Glasfront-7-1-1280x853.jpg\" alt=\"\" class=\"wp-image-28356\" title=\"\" srcset=\"https:\/\/www.corso-saunamanufaktur.com\/wp-content\/uploads\/2025\/08\/Altholz-Sauna-nach-Mass-Glasfront-7-1-1280x853.jpg 1280w, https:\/\/www.corso-saunamanufaktur.com\/wp-content\/uploads\/2025\/08\/Altholz-Sauna-nach-Mass-Glasfront-7-1-480x320.jpg 480w, https:\/\/www.corso-saunamanufaktur.com\/wp-content\/uploads\/2025\/08\/Altholz-Sauna-nach-Mass-Glasfront-7-1-768x512.jpg 768w, https:\/\/www.corso-saunamanufaktur.com\/wp-content\/uploads\/2025\/08\/Altholz-Sauna-nach-Mass-Glasfront-7-1.jpg 1400w\" sizes=\"(max-width: 1280px) 100vw, 1280px\" \/><\/a><\/figure>\n<\/figure>\n<\/div>\n\n\n\n<div class=\"wp-block-jetpack-layout-grid-column wp-block-jetpack-layout-grid__padding-none\">\n<h2 class=\"wp-block-heading\" id=\"weiter\">Sauna en bois usag\u00e9 avec fa\u00e7ade en verre: donn\u00e9es cl\u00e9s<\/h2>\n\n\n\n<p>&#8230; le caract\u00e8re rustique du vieux bois. Les bancs de sauna ont \u00e9t\u00e9 con\u00e7us avec du tremble thermique: la teinte sombre et chaude se marie parfaitement avec le vieux bois. Ce bois est id\u00e9al pour le sauna car il a un aspect tr\u00e8s homog\u00e8ne, il ne chauffe pas si rapidement et est tr\u00e8s insensible. Le peuplier faux-tremble thermotrait\u00e9 d\u00e9gage un agr\u00e9able parfum de bois.<\/p>\n\n\n\n<p>Largeur: 197 cm<br>Profondeur: 210 cm<br>Hauteur: 220 cm<\/p>\n\n\n\n<p>Radiateur: <br>EOS Mythos S35 9 kW <br>avec EOS Cubius pierres pour sauna<br><br>Contr\u00f4le du sauna :<br>EOS EmoStyle H <br><\/p>\n\n\n\n<p>Nous sommes \u00e9galement heureux de planifier votre sauna sur mesure :<\/p>\n\n\n\n<div class=\"wp-block-buttons is-layout-flex wp-block-buttons-is-layout-flex\">\n<div class=\"wp-block-button\"><a class=\"wp-block-button__link wp-element-button\" href=\"https:\/\/www.corso-saunamanufaktur.com\/fr\/manufacture\/contact\/\"><strong>Planifiez votre sauna &gt;<\/strong><\/a><\/div>\n<\/div>\n\n\n\n<p><br>Photos: <br>Arnt Haug<\/p>\n<\/div>\n<\/div>\n\n\n\n<div class=\"wp-block-jetpack-layout-grid column1-desktop-grid__span-12 column1-desktop-grid__row-1 column1-tablet-grid__span-8 column1-tablet-grid__row-1 column1-mobile-grid__span-4 column1-mobile-grid__row-1\">\n<div class=\"wp-block-jetpack-layout-grid-column wp-block-jetpack-layout-grid__padding-none\">\n<p><br><\/p>\n<\/div>\n<\/div>\n\n\n<div id=\"crsx-mb-block-a05415ae-0c7d-4c37-94df-66ee9b512d8c\" class=\"crsx-testimonnial-image is-style-alignfull\" style=\"background-image: url(https:\/\/www.corso-saunamanufaktur.com\/wp-content\/uploads\/2020\/08\/Corso-Benedictus-Lingens.jpg)\">\n\t\t<div class=\"icon\">\n\t\t<img decoding=\"async\" class=\"img-icon\" src=\"https:\/\/www.corso-saunamanufaktur.com\/wp-content\/uploads\/2020\/06\/CORSO-5013_s_beratungsgespraech.svg\" alt=\"\" title=\"\">\n\t<\/div>\n\t\t<div class=\"panel\">\n\t\t<div class=\"intro\">Conseils de professionnels<\/div>\n\t\t<blockquote class=\"quote\">Le sauna est un achat pour la vie. Nous vous conseillons de mani\u00e8re exhaustive sur toutes les options et vous aidons \u00e0 am\u00e9nager votre espace bien-\u00eatre.<\/blockquote>\n\t\t<div class=\"source\">Benedictus Lingens, corso sauna manufacture<\/div>\n\t\t\t<\/div>\n<\/div>\n\n\n\n<div class=\"wp-block-jetpack-layout-grid column1-desktop-grid__span-12 column1-desktop-grid__row-1 column1-tablet-grid__span-8 column1-tablet-grid__row-1 column1-mobile-grid__span-4 column1-mobile-grid__row-1\">\n<div class=\"wp-block-jetpack-layout-grid-column wp-block-jetpack-layout-grid__padding-none\">\n<p><br>Plus d\u2019inspiration : <a href=\"https:\/\/de.pinterest.com\/corsosauna\/\" target=\"_blank\" rel=\"noreferrer noopener\">Pinterest<\/a><\/p>\n<\/div>\n<\/div>\n\n\n\n<div class=\"wp-block-jetpack-layout-grid column1-desktop-grid__span-6 column1-desktop-grid__row-1 column2-desktop-grid__span-6 column2-desktop-grid__start-7 column2-desktop-grid__row-1 column1-tablet-grid__span-4 column1-tablet-grid__row-1 column2-tablet-grid__span-4 column2-tablet-grid__start-5 column2-tablet-grid__row-1 column1-mobile-grid__span-4 column1-mobile-grid__row-1 column2-mobile-grid__span-4 column2-mobile-grid__row-2\">\n<div class=\"wp-block-jetpack-layout-grid-column wp-block-jetpack-layout-grid__padding-none\"><div id=\"crsx-mb-block-e4857cf8-ae40-40ac-a9af-32df69b12d35\" class=\"crsx-image-button \">\n\t<img decoding=\"async\" class=\"img-back\" src=\"https:\/\/www.corso-saunamanufaktur.com\/wp-content\/uploads\/2020\/06\/Sauna-Ausstellung-corso-1.jpg\" srcset=\"https:\/\/www.corso-saunamanufaktur.com\/wp-content\/uploads\/2020\/06\/Sauna-Ausstellung-corso-1-480x319.jpg 480w, https:\/\/www.corso-saunamanufaktur.com\/wp-content\/uploads\/2020\/06\/Sauna-Ausstellung-corso-1-1280x851.jpg 1280w, https:\/\/www.corso-saunamanufaktur.com\/wp-content\/uploads\/2020\/06\/Sauna-Ausstellung-corso-1-768x511.jpg 768w, https:\/\/www.corso-saunamanufaktur.com\/wp-content\/uploads\/2020\/06\/Sauna-Ausstellung-corso-1-640x426.jpg 640w, https:\/\/www.corso-saunamanufaktur.com\/wp-content\/uploads\/2020\/06\/Sauna-Ausstellung-corso-1-300x200.jpg 300w, https:\/\/www.corso-saunamanufaktur.com\/wp-content\/uploads\/2020\/06\/Sauna-Ausstellung-corso-1-1024x681.jpg 1024w, https:\/\/www.corso-saunamanufaktur.com\/wp-content\/uploads\/2020\/06\/Sauna-Ausstellung-corso-1.jpg 1400w\" alt=\"\" title=\"\">\n\t<div class=\"buttons\">\n\t\t<a class=\"btn-target\" href=\"https:\/\/www.corso-saunamanufaktur.com\/fr\/expositions-sauna\/\"><span class=\"btn-title\">Exhibitions<\/span><span class=\"btn-subtitle\">Faites-vous conseiller d\u00e8s maintenant<\/span><\/a>\t<\/div>\n<\/div>\n<\/div>\n\n\n\n<div class=\"wp-block-jetpack-layout-grid-column wp-block-jetpack-layout-grid__padding-none\"><div id=\"crsx-mb-block-f6b0aa78-1ccf-47c3-ab6f-360c84a22c08\" class=\"crsx-image-button \">\n\t<img decoding=\"async\" class=\"img-back\" src=\"https:\/\/www.corso-saunamanufaktur.com\/wp-content\/uploads\/2020\/08\/sauna-zeichnung-planung-corso-sauna-manufaktur.jpg\" srcset=\"https:\/\/www.corso-saunamanufaktur.com\/wp-content\/uploads\/2020\/08\/sauna-zeichnung-planung-corso-sauna-manufaktur-480x320.jpg 480w, https:\/\/www.corso-saunamanufaktur.com\/wp-content\/uploads\/2020\/08\/sauna-zeichnung-planung-corso-sauna-manufaktur-1280x853.jpg 1280w, https:\/\/www.corso-saunamanufaktur.com\/wp-content\/uploads\/2020\/08\/sauna-zeichnung-planung-corso-sauna-manufaktur-768x512.jpg 768w, https:\/\/www.corso-saunamanufaktur.com\/wp-content\/uploads\/2020\/08\/sauna-zeichnung-planung-corso-sauna-manufaktur-640x427.jpg 640w, https:\/\/www.corso-saunamanufaktur.com\/wp-content\/uploads\/2020\/08\/sauna-zeichnung-planung-corso-sauna-manufaktur.jpg 1400w\" alt=\"\" title=\"\">\n\t<div class=\"buttons\">\n\t\t<a class=\"btn-target\" href=\"https:\/\/www.corso-saunamanufaktur.com\/fr\/manufacture\/\"><span class=\"btn-title\">Manufacture<\/span><span class=\"btn-subtitle\">Beaucoup de sens du design<\/span><\/a>\t<\/div>\n<\/div>\n<\/div>\n<\/div>\n","protected":false},"excerpt":{"rendered":"<p>Sauna en bois usag\u00e9 avec fa\u00e7ade vitr\u00e9e dans un espace combin\u00e9 fitness et bien-\u00eatre. Nous avons pu mettre en \u0153uvre ce projet pour un client d\u2019Ammerland en tant que solution de sauna sur mesure: le positionnement directement \u00e0 c\u00f4t\u00e9 de la douche est id\u00e9al pour se rafra\u00eechir apr\u00e8s le sauna. La g\u00e9n\u00e9reuse fa\u00e7ade vitr\u00e9e permet &#8230; <a title=\"Sauna en bois usag\u00e9 avec fa\u00e7ade en verre\" class=\"read-more\" href=\"https:\/\/www.corso-saunamanufaktur.com\/fr\/sauna-bois-usage-facade-verre\/\" aria-label=\"En savoir plus sur Sauna en bois usag\u00e9 avec fa\u00e7ade en verre\">Lire la suite<\/a><\/p>\n","protected":false},"author":5,"featured_media":28352,"comment_status":"closed","ping_status":"closed","sticky":false,"template":"","format":"standard","meta":{"om_disable_all_campaigns":false,"footnotes":""},"categories":[48],"tags":[234,233],"class_list":["post-28340","post","type-post","status-publish","format-standard","has-post-thumbnail","hentry","category-referenz-fr","tag-bain","tag-tremble"],"_links":{"self":[{"href":"https:\/\/www.corso-saunamanufaktur.com\/fr\/wp-json\/wp\/v2\/posts\/28340","targetHints":{"allow":["GET"]}}],"collection":[{"href":"https:\/\/www.corso-saunamanufaktur.com\/fr\/wp-json\/wp\/v2\/posts"}],"about":[{"href":"https:\/\/www.corso-saunamanufaktur.com\/fr\/wp-json\/wp\/v2\/types\/post"}],"author":[{"embeddable":true,"href":"https:\/\/www.corso-saunamanufaktur.com\/fr\/wp-json\/wp\/v2\/users\/5"}],"replies":[{"embeddable":true,"href":"https:\/\/www.corso-saunamanufaktur.com\/fr\/wp-json\/wp\/v2\/comments?post=28340"}],"version-history":[{"count":0,"href":"https:\/\/www.corso-saunamanufaktur.com\/fr\/wp-json\/wp\/v2\/posts\/28340\/revisions"}],"wp:featuredmedia":[{"embeddable":true,"href":"https:\/\/www.corso-saunamanufaktur.com\/fr\/wp-json\/wp\/v2\/media\/28352"}],"wp:attachment":[{"href":"https:\/\/www.corso-saunamanufaktur.com\/fr\/wp-json\/wp\/v2\/media?parent=28340"}],"wp:term":[{"taxonomy":"category","embeddable":true,"href":"https:\/\/www.corso-saunamanufaktur.com\/fr\/wp-json\/wp\/v2\/categories?post=28340"},{"taxonomy":"post_tag","embeddable":true,"href":"https:\/\/www.corso-saunamanufaktur.com\/fr\/wp-json\/wp\/v2\/tags?post=28340"}],"curies":[{"name":"wp","href":"https:\/\/api.w.org\/{rel}","templated":true}]}}