{"id":28310,"date":"2025-08-25T10:28:12","date_gmt":"2025-08-25T08:28:12","guid":{"rendered":"https:\/\/www.corso-saunamanufaktur.com\/?p=28310"},"modified":"2025-08-25T10:28:15","modified_gmt":"2025-08-25T08:28:15","slug":"sauna-tremble-clair-porte-vitree","status":"publish","type":"post","link":"https:\/\/www.corso-saunamanufaktur.com\/fr\/sauna-tremble-clair-porte-vitree\/","title":{"rendered":"Sauna en tremble clair avec porte vitr\u00e9e"},"content":{"rendered":"\n<div class=\"wp-block-jetpack-layout-grid column1-desktop-grid__span-8 column1-desktop-grid__row-1 column2-desktop-grid__span-4 column2-desktop-grid__start-9 column2-desktop-grid__row-1 column1-tablet-grid__span-4 column1-tablet-grid__row-1 column2-tablet-grid__span-4 column2-tablet-grid__start-5 column2-tablet-grid__row-1 column1-mobile-grid__span-4 column1-mobile-grid__row-1 column2-mobile-grid__span-4 column2-mobile-grid__row-2\">\n<div class=\"wp-block-jetpack-layout-grid-column wp-block-jetpack-layout-grid__padding-none\"><div id=\"gutenslider-o0ougilhz\" class=\"wp-block-eedee-block-gutenslider content-change alignnone arrow-style-1 arrow-position-sides arrow-mb-none arrows-lg arrows-md arrows-sm dot-style-1 dots-lg dots-md dots-sm dot-position-bottom is-position-center-center mb-none\" style=\"--gutenslider-min-height: 50vh;--gutenslider-arrow-size: 30px;--gutenslider-dot-size: 25px;--gutenslider-arrow-color: #ffffff;--gutenslider-dot-color: #ffffff;--gutenslider-padding-y-mobile: 40px;--gutenslider-padding-x-mobile: 40px;--gutenslider-padding-y-tablet: 40px;--gutenslider-padding-x-tablet: 40px;--gutenslider-padding-y-desktop: 40px;--gutenslider-padding-x-desktop: 40px;--gutenslider-bg-image: url();--gutenslider-min-height-md: 50vh;--gutenslider-min-height-sm: 50vh;--gutenslider-padding-x: 40px;--gutenslider-padding-x-md: 40px;--gutenslider-padding-x-sm: 20px;--gutenslider-padding-y: 40px;--gutenslider-padding-y-md: 40px;--gutenslider-padding-y-sm: 20px;--gutenslider-arrow-size-md: 30px;--gutenslider-arrow-size-sm: 30px;--gutenslider-dot-size-md: 25px;--gutenslider-dot-size-sm: 25px;--gutenslider-arrow-bg-color: transparent;--gutenslider-arrow-hover-color: #eeeeee;--gutenslider-arrow-bg-hover-color: transparent;--gutenslider-arrow-x-offset: 10px;--gutenslider-arrow-x-offset-md: 10px;--gutenslider-arrow-x-offset-sm: 10px;--gutenslider-arrow-y-offset: 0px;--gutenslider-arrow-y-offset-md: 0px;--gutenslider-arrow-y-offset-sm: 0px;--gutenslider-arrow-x-spacing: 0px;--gutenslider-dot-y-offset: 10px;--gutenslider-dot-y-offset-md: 10px;--gutenslider-dot-y-offset-sm: 10px;--gutenslider-margin-x: 0px;--gutenslider-margin-x-md: 0px;--gutenslider-margin-x-sm: 0px;--gutenslider-margin-y: 0px;--gutenslider-margin-y-md: 0px;--gutenslider-margin-y-sm: 0px;--gutenslider-divider-top: 60px;--gutenslider-divider-bottom: 60px;--gutenslider-lightgallery-bg: #ffffff;--gutenslider-lightgallery-font: #000000;\" data-parallax-direction=\"down\" data-parallax-amount=\"1.3\" data-lg-transition=\"lg-slide\" data-hash=\"\"><div class=\"eedee-swiper-outer\"><div class=\"gutenslider-divider-top\" style=\"color:#fff; height:60px;\"><\/div><div class=\"swiper\" data-settings='{\"autoplay\":{\"delay\":3000,\"pauseOnMouseEnter\":true,\"disableOnInteraction\":false},\"speed\":700,\"direction\":\"horizontal\",\"autoHeight\":\"\",\"loop\":true,\"centeredSlides\":true,\"spaceBetween\":0,\"slidesPerView\":1,\"slidesPerGroup\":1,\"effect\":\"slide\",\"coverflowEffect\":{\"rotate\":30,\"slideShadows\":false,\"depth\":100,\"stretch\":50,\"modifier\":1},\"fadeEffect\":{\"crossFade\":true},\"zoom\":\"\",\"navigation\":{\"nextEl\":\"#gutenslider-o0ougilhz .eedee-gutenslider-next\",\"prevEl\":\"#gutenslider-o0ougilhz .eedee-gutenslider-prev\"},\"pagination\":{\"type\":\"bullets\",\"clickable\":true,\"dynamicBullets\":false,\"el\":\"#gutenslider-o0ougilhz .eedee-gutenslider-pagination\"},\"pauseOnHover\":\"1\",\"watchSlidesProgress\":true,\"watchSlidesVisibility\":true,\"settingsMd\":{\"autoHeight\":\"\",\"slidesPerView\":1,\"slidesPerGroup\":1,\"spaceBetween\":0},\"settingsLg\":{\"autoHeight\":\"\",\"slidesPerView\":1,\"slidesPerGroup\":1,\"spaceBetween\":0},\"hasLg\":false,\"hasLgCounter\":true,\"isFullScreen\":false,\"arrowsFollowMouse\":false,\"lgTitle\":\"none\",\"lgCaption\":\"none\",\"lgThumbnails\":true,\"keyboard\":{\"keyboard\":{\"enabled\":true,\"onlyInViewport\":true}},\"hashNavigation\":false}'><div class=\"swiper-wrapper\">\n<div class=\"swiper-slide wp-block-eedee-block-gutenslide is-position-center-center ed-bg-image\" style=\"--ed-vw:480;--ed-vh:320;\" data-hash=\"\"><div class=\"eedee-background-div bg-image\"><img decoding=\"async\" width=\"1280\" height=\"853\" class=\"swiper-lazy wp-image-28317\" src=\"https:\/\/www.corso-saunamanufaktur.com\/wp-content\/uploads\/2025\/08\/sauna-helle-espe-glastuer-3-1280x853.jpg\" alt=\"\" style=\"object-fit: cover; object-position: 50% 50%;\" data-title=\"sauna-helle-espe-glastuer-3\" title=\"\" srcset=\"https:\/\/www.corso-saunamanufaktur.com\/wp-content\/uploads\/2025\/08\/sauna-helle-espe-glastuer-3-1280x853.jpg 1280w, https:\/\/www.corso-saunamanufaktur.com\/wp-content\/uploads\/2025\/08\/sauna-helle-espe-glastuer-3-480x320.jpg 480w, https:\/\/www.corso-saunamanufaktur.com\/wp-content\/uploads\/2025\/08\/sauna-helle-espe-glastuer-3-768x512.jpg 768w, https:\/\/www.corso-saunamanufaktur.com\/wp-content\/uploads\/2025\/08\/sauna-helle-espe-glastuer-3.jpg 1400w\" sizes=\"(max-width: 1280px) 100vw, 1280px\" \/><div class=\"eedee-background-div__overlay\" style=\"opacity:1;\"><\/div><\/div><div class=\"slide-content\">\n\n<p class=\"has-text-align-center gutenslider-content-initial has-larger-font-size\"><\/p>\n\n<\/div><\/div>\n\n<div class=\"swiper-slide wp-block-eedee-block-gutenslide is-position-center-center ed-bg-image\" style=\"--ed-vw:480;--ed-vh:320;\" data-hash=\"\"><div class=\"eedee-background-div bg-image\"><img decoding=\"async\" width=\"1280\" height=\"853\" class=\"swiper-lazy wp-image-28320\" src=\"https:\/\/www.corso-saunamanufaktur.com\/wp-content\/uploads\/2025\/08\/sauna-helle-espe-glastuer-5-1280x853.jpg\" alt=\"\" style=\"object-fit: cover; object-position: 50% 50%;\" data-title=\"sauna-helle-espe-glastuer-5\" title=\"\" srcset=\"https:\/\/www.corso-saunamanufaktur.com\/wp-content\/uploads\/2025\/08\/sauna-helle-espe-glastuer-5-1280x853.jpg 1280w, https:\/\/www.corso-saunamanufaktur.com\/wp-content\/uploads\/2025\/08\/sauna-helle-espe-glastuer-5-480x320.jpg 480w, https:\/\/www.corso-saunamanufaktur.com\/wp-content\/uploads\/2025\/08\/sauna-helle-espe-glastuer-5-768x512.jpg 768w, https:\/\/www.corso-saunamanufaktur.com\/wp-content\/uploads\/2025\/08\/sauna-helle-espe-glastuer-5.jpg 1400w\" sizes=\"(max-width: 1280px) 100vw, 1280px\" \/><div class=\"eedee-background-div__overlay\" style=\"opacity:1;\"><\/div><\/div><div class=\"slide-content\">\n\n<p class=\"has-text-align-center gutenslider-content-initial has-larger-font-size\"><\/p>\n\n<\/div><\/div>\n\n<div class=\"swiper-slide wp-block-eedee-block-gutenslide is-position-center-center ed-bg-image\" style=\"--ed-vw:480;--ed-vh:320;\" data-hash=\"\"><div class=\"eedee-background-div bg-image\"><img decoding=\"async\" width=\"1280\" height=\"853\" class=\"swiper-lazy wp-image-28314\" src=\"https:\/\/www.corso-saunamanufaktur.com\/wp-content\/uploads\/2025\/08\/sauna-helle-espe-glastuer-2-1280x853.jpg\" alt=\"\" style=\"object-fit: cover; object-position: 50% 50%;\" data-title=\"sauna-helle-espe-glastuer-2\" title=\"\" srcset=\"https:\/\/www.corso-saunamanufaktur.com\/wp-content\/uploads\/2025\/08\/sauna-helle-espe-glastuer-2-1280x853.jpg 1280w, https:\/\/www.corso-saunamanufaktur.com\/wp-content\/uploads\/2025\/08\/sauna-helle-espe-glastuer-2-480x320.jpg 480w, https:\/\/www.corso-saunamanufaktur.com\/wp-content\/uploads\/2025\/08\/sauna-helle-espe-glastuer-2-768x512.jpg 768w, https:\/\/www.corso-saunamanufaktur.com\/wp-content\/uploads\/2025\/08\/sauna-helle-espe-glastuer-2.jpg 1400w\" sizes=\"(max-width: 1280px) 100vw, 1280px\" \/><div class=\"eedee-background-div__overlay\" style=\"opacity:1;\"><\/div><\/div><div class=\"slide-content\">\n\n<p class=\"has-text-align-center gutenslider-content-initial has-larger-font-size\"><\/p>\n\n<\/div><\/div>\n\n<div class=\"swiper-slide wp-block-eedee-block-gutenslide is-position-center-center ed-bg-image\" style=\"--ed-vw:480;--ed-vh:320;\" data-hash=\"\"><div class=\"eedee-background-div bg-image\"><img decoding=\"async\" width=\"1280\" height=\"853\" class=\"swiper-lazy wp-image-28311\" src=\"https:\/\/www.corso-saunamanufaktur.com\/wp-content\/uploads\/2025\/08\/sauna-helle-espe-glastuer-1-1280x853.jpg\" alt=\"\" style=\"object-fit: cover; object-position: 50% 50%;\" data-title=\"sauna-helle-espe-glastuer-1\" title=\"\" srcset=\"https:\/\/www.corso-saunamanufaktur.com\/wp-content\/uploads\/2025\/08\/sauna-helle-espe-glastuer-1-1280x853.jpg 1280w, https:\/\/www.corso-saunamanufaktur.com\/wp-content\/uploads\/2025\/08\/sauna-helle-espe-glastuer-1-480x320.jpg 480w, https:\/\/www.corso-saunamanufaktur.com\/wp-content\/uploads\/2025\/08\/sauna-helle-espe-glastuer-1-768x512.jpg 768w, https:\/\/www.corso-saunamanufaktur.com\/wp-content\/uploads\/2025\/08\/sauna-helle-espe-glastuer-1.jpg 1400w\" sizes=\"(max-width: 1280px) 100vw, 1280px\" \/><div class=\"eedee-background-div__overlay\" style=\"opacity:1;\"><\/div><\/div><div class=\"slide-content\">\n\n<p class=\"has-text-align-center gutenslider-content-initial has-larger-font-size\"><\/p>\n\n<\/div><\/div>\n\n<div class=\"swiper-slide wp-block-eedee-block-gutenslide is-position-center-center ed-bg-image\" style=\"--ed-vw:480;--ed-vh:320;\" data-hash=\"\"><div class=\"eedee-background-div bg-image\"><img decoding=\"async\" width=\"1280\" height=\"853\" class=\"swiper-lazy wp-image-28323\" src=\"https:\/\/www.corso-saunamanufaktur.com\/wp-content\/uploads\/2025\/08\/sauna-helle-espe-glastuer-6-1280x853.jpg\" alt=\"\" style=\"object-fit: cover; object-position: 50% 50%;\" data-title=\"sauna-helle-espe-glastuer-6\" title=\"\" srcset=\"https:\/\/www.corso-saunamanufaktur.com\/wp-content\/uploads\/2025\/08\/sauna-helle-espe-glastuer-6-1280x853.jpg 1280w, https:\/\/www.corso-saunamanufaktur.com\/wp-content\/uploads\/2025\/08\/sauna-helle-espe-glastuer-6-480x320.jpg 480w, https:\/\/www.corso-saunamanufaktur.com\/wp-content\/uploads\/2025\/08\/sauna-helle-espe-glastuer-6-768x512.jpg 768w, https:\/\/www.corso-saunamanufaktur.com\/wp-content\/uploads\/2025\/08\/sauna-helle-espe-glastuer-6.jpg 1400w\" sizes=\"(max-width: 1280px) 100vw, 1280px\" \/><div class=\"eedee-background-div__overlay\" style=\"opacity:1;\"><\/div><\/div><div class=\"slide-content\">\n\n<p class=\"has-text-align-center gutenslider-content-initial has-larger-font-size\"><\/p>\n\n<\/div><\/div>\n<\/div><\/div><button class=\"eedee-gutenslider-nav eedee-gutenslider-prev\" aria-label=\"Previous Slide\" aria-disabled=\"false\"><svg xmlns=\"http:\/\/www.w3.org\/2000\/svg\" viewBox=\"0 0 24 24\" width=\"24\" height=\"24\"><circle class=\"bg\" cx=\"13\" cy=\"12\" r=\"11\" \/><path fill=\"none\" d=\"M0 0h24v24H0z\"\/><path class=\"arrow\" d=\"M10.828 12l4.95 4.95-1.414 1.414L8 12l6.364-6.364 1.414 1.414z\"\/><\/svg><\/button><button class=\"eedee-gutenslider-nav eedee-gutenslider-next\" aria-label=\"Next Slide\" aria-disabled=\"false\"><svg xmlns=\"http:\/\/www.w3.org\/2000\/svg\" viewBox=\"0 0 24 24\" width=\"24\" height=\"24\"><circle class=\"bg\" cx=\"11\" cy=\"12\" r=\"11\" \/><path fill=\"none\" d=\"M0 0h24v24H0z\"\/><path class=\"arrow\" d=\"M13.172 12l-4.95-4.95 1.414-1.414L16 12l-6.364 6.364-1.414-1.414z\"\/><\/svg><\/button><div class=\"eedee-gutenslider-pagination\"><\/div><\/div><div class=\"gutenslider-divider-bottom \" style=\"color:#fff; height:60px;\"><\/div><\/div><\/div>\n\n\n\n<div class=\"wp-block-jetpack-layout-grid-column is-style-border wp-block-jetpack-layout-grid__padding-none\">\n<p>Sauna sur mesure dans la salle de bain. Design d\u2019une beaut\u00e9 intemporelle en bois de tremble clair avec profil \u00e0 double rainure avec joint d\u2019ombre. Le sauna offre beaucoup d\u2019espace pour se d\u00e9tendre &#8211; avec une vue sur la salle de bains (et une vue indirecte sur l\u2019ext\u00e9rieur).<\/p>\n\n\n\n<p>La proximit\u00e9 de la douche est id\u00e9ale pour se rafra\u00eechir apr\u00e8s une s\u00e9ance de sauna. L\u2019\u00e9clairage LED met habilement en sc\u00e8ne le sauna. Un beau projet que nous avons pu mettre en \u0153uvre avec Engelshove Bau pour une famille d\u2019Osnabr\u00fcck.  <\/p>\n\n\n\n<div class=\"wp-block-buttons is-layout-flex wp-block-buttons-is-layout-flex\">\n<div class=\"wp-block-button\"><a class=\"wp-block-button__link has-very-dark-gray-color has-luminous-vivid-amber-background-color has-text-color has-background no-border-radius wp-element-button\" href=\"#weiter\"><strong>plus  &gt;<\/strong><\/a><\/div>\n<\/div>\n\n\n\n<p><\/p>\n<\/div>\n<\/div>\n\n\n\n<div class=\"wp-block-jetpack-layout-grid column1-desktop-grid__span-12 column1-desktop-grid__row-1 column1-tablet-grid__span-8 column1-tablet-grid__row-1 column1-mobile-grid__span-4 column1-mobile-grid__row-1\">\n<div class=\"wp-block-jetpack-layout-grid-column wp-block-jetpack-layout-grid__padding-none\"><div id=\"crsx-mb-block-37f4b0d1-e83f-47b7-a62a-a0011b87f6ab\" class=\"crsx-testimonnial-image is-style-alignfull\" style=\"background-image: url(https:\/\/www.corso-saunamanufaktur.com\/wp-content\/uploads\/2020\/06\/Corso-Zitate_Yoga_2000x600.jpg)\">\n\t\t<div class=\"icon\">\n\t\t<img decoding=\"async\" class=\"img-icon\" src=\"https:\/\/www.corso-saunamanufaktur.com\/wp-content\/uploads\/2020\/06\/CORSO-5013_s_ma-beratung.svg\" alt=\"\" title=\"\">\n\t<\/div>\n\t\t<div class=\"panel\">\n\t\t<div class=\"intro\">Clients satisfaits<\/div>\n\t\t<blockquote class=\"quote\">Un beau design et une bonne qualit\u00e9 \u00e9taient importants pour nous. Le sauna sans fioritures s&rsquo;int\u00e8gre bien au style de notre maison.<\/blockquote>\n\t\t<div class=\"source\">Commentaire du ma\u00eetre d&rsquo;ouvrage d&rsquo;Osnabr\u00fcck<\/div>\n\t\t\t<\/div>\n<\/div>\n<\/div>\n<\/div>\n\n\n\n<div class=\"wp-block-jetpack-layout-grid column1-desktop-grid__span-8 column1-desktop-grid__row-1 column2-desktop-grid__span-4 column2-desktop-grid__start-9 column2-desktop-grid__row-1 column1-tablet-grid__span-4 column1-tablet-grid__row-1 column2-tablet-grid__span-4 column2-tablet-grid__start-5 column2-tablet-grid__row-1 column1-mobile-grid__span-4 column1-mobile-grid__row-1 column2-mobile-grid__span-4 column2-mobile-grid__row-2\">\n<div class=\"wp-block-jetpack-layout-grid-column wp-block-jetpack-layout-grid__padding-none\">\n<figure class=\"wp-block-gallery has-nested-images columns-2 is-cropped wp-block-gallery-1 is-layout-flex wp-block-gallery-is-layout-flex\">\n<figure class=\"wp-block-image size-large\"><a href=\"https:\/\/www.corso-saunamanufaktur.com\/wp-content\/uploads\/2025\/08\/sauna-helle-espe-glastuer-6-1280x853.jpg\"><img decoding=\"async\" width=\"1280\" height=\"853\" data-id=\"28323\" src=\"https:\/\/www.corso-saunamanufaktur.com\/wp-content\/uploads\/2025\/08\/sauna-helle-espe-glastuer-6-1280x853.jpg\" alt=\"Sauna dans la salle de bain en tremble lumineux avec porte vitr\u00e9e et fen\u00eatre int\u00e9rieure donnant sur la salle de bain. Sauna design sur mesure avec profil \u00e0 double rainure et \u00e9clairage LED indirect. \" class=\"wp-image-28323\" title=\"\" srcset=\"https:\/\/www.corso-saunamanufaktur.com\/wp-content\/uploads\/2025\/08\/sauna-helle-espe-glastuer-6-1280x853.jpg 1280w, https:\/\/www.corso-saunamanufaktur.com\/wp-content\/uploads\/2025\/08\/sauna-helle-espe-glastuer-6-480x320.jpg 480w, https:\/\/www.corso-saunamanufaktur.com\/wp-content\/uploads\/2025\/08\/sauna-helle-espe-glastuer-6-768x512.jpg 768w, https:\/\/www.corso-saunamanufaktur.com\/wp-content\/uploads\/2025\/08\/sauna-helle-espe-glastuer-6.jpg 1400w\" sizes=\"(max-width: 1280px) 100vw, 1280px\" \/><\/a><\/figure>\n\n\n\n<figure class=\"wp-block-image size-large\"><a href=\"https:\/\/www.corso-saunamanufaktur.com\/wp-content\/uploads\/2025\/08\/sauna-helle-espe-glastuer-5-1280x853.jpg\"><img decoding=\"async\" width=\"1280\" height=\"853\" data-id=\"28320\" src=\"https:\/\/www.corso-saunamanufaktur.com\/wp-content\/uploads\/2025\/08\/sauna-helle-espe-glastuer-5-1280x853.jpg\" alt=\"Sauna dans la salle de bain en tremble lumineux avec porte vitr\u00e9e et fen\u00eatre int\u00e9rieure donnant sur la salle de bain. Sauna design sur mesure avec profil \u00e0 double rainure et \u00e9clairage LED indirect. \" class=\"wp-image-28320\" title=\"\" srcset=\"https:\/\/www.corso-saunamanufaktur.com\/wp-content\/uploads\/2025\/08\/sauna-helle-espe-glastuer-5-1280x853.jpg 1280w, https:\/\/www.corso-saunamanufaktur.com\/wp-content\/uploads\/2025\/08\/sauna-helle-espe-glastuer-5-480x320.jpg 480w, https:\/\/www.corso-saunamanufaktur.com\/wp-content\/uploads\/2025\/08\/sauna-helle-espe-glastuer-5-768x512.jpg 768w, https:\/\/www.corso-saunamanufaktur.com\/wp-content\/uploads\/2025\/08\/sauna-helle-espe-glastuer-5.jpg 1400w\" sizes=\"(max-width: 1280px) 100vw, 1280px\" \/><\/a><\/figure>\n\n\n\n<figure class=\"wp-block-image size-large\"><a href=\"https:\/\/www.corso-saunamanufaktur.com\/wp-content\/uploads\/2025\/08\/sauna-helle-espe-glastuer-3-1280x853.jpg\"><img decoding=\"async\" width=\"1280\" height=\"853\" data-id=\"28317\" src=\"https:\/\/www.corso-saunamanufaktur.com\/wp-content\/uploads\/2025\/08\/sauna-helle-espe-glastuer-3-1280x853.jpg\" alt=\"Sauna dans la salle de bain en tremble lumineux avec porte vitr\u00e9e et fen\u00eatre int\u00e9rieure donnant sur la salle de bain. Sauna design sur mesure avec profil \u00e0 double rainure et \u00e9clairage LED indirect. \" class=\"wp-image-28317\" title=\"\" srcset=\"https:\/\/www.corso-saunamanufaktur.com\/wp-content\/uploads\/2025\/08\/sauna-helle-espe-glastuer-3-1280x853.jpg 1280w, https:\/\/www.corso-saunamanufaktur.com\/wp-content\/uploads\/2025\/08\/sauna-helle-espe-glastuer-3-480x320.jpg 480w, https:\/\/www.corso-saunamanufaktur.com\/wp-content\/uploads\/2025\/08\/sauna-helle-espe-glastuer-3-768x512.jpg 768w, https:\/\/www.corso-saunamanufaktur.com\/wp-content\/uploads\/2025\/08\/sauna-helle-espe-glastuer-3.jpg 1400w\" sizes=\"(max-width: 1280px) 100vw, 1280px\" \/><\/a><\/figure>\n\n\n\n<figure class=\"wp-block-image size-large\"><a href=\"https:\/\/www.corso-saunamanufaktur.com\/wp-content\/uploads\/2025\/08\/sauna-helle-espe-glastuer-2-1280x853.jpg\"><img decoding=\"async\" width=\"1280\" height=\"853\" data-id=\"28314\" src=\"https:\/\/www.corso-saunamanufaktur.com\/wp-content\/uploads\/2025\/08\/sauna-helle-espe-glastuer-2-1280x853.jpg\" alt=\"Sauna dans la salle de bain en tremble lumineux avec porte vitr\u00e9e et fen\u00eatre int\u00e9rieure donnant sur la salle de bain. Sauna design sur mesure avec profil \u00e0 double rainure et \u00e9clairage LED indirect. \" class=\"wp-image-28314\" title=\"\" srcset=\"https:\/\/www.corso-saunamanufaktur.com\/wp-content\/uploads\/2025\/08\/sauna-helle-espe-glastuer-2-1280x853.jpg 1280w, https:\/\/www.corso-saunamanufaktur.com\/wp-content\/uploads\/2025\/08\/sauna-helle-espe-glastuer-2-480x320.jpg 480w, https:\/\/www.corso-saunamanufaktur.com\/wp-content\/uploads\/2025\/08\/sauna-helle-espe-glastuer-2-768x512.jpg 768w, https:\/\/www.corso-saunamanufaktur.com\/wp-content\/uploads\/2025\/08\/sauna-helle-espe-glastuer-2.jpg 1400w\" sizes=\"(max-width: 1280px) 100vw, 1280px\" \/><\/a><\/figure>\n\n\n\n<figure class=\"wp-block-image size-large\"><a href=\"https:\/\/www.corso-saunamanufaktur.com\/wp-content\/uploads\/2025\/08\/sauna-helle-espe-glastuer-1-1280x853.jpg\"><img decoding=\"async\" width=\"1280\" height=\"853\" data-id=\"28311\" src=\"https:\/\/www.corso-saunamanufaktur.com\/wp-content\/uploads\/2025\/08\/sauna-helle-espe-glastuer-1-1280x853.jpg\" alt=\"Sauna dans la salle de bain en tremble lumineux avec porte vitr\u00e9e et fen\u00eatre int\u00e9rieure donnant sur la salle de bain. Sauna design sur mesure avec profil \u00e0 double rainure et \u00e9clairage LED indirect. \" class=\"wp-image-28311\" title=\"\" srcset=\"https:\/\/www.corso-saunamanufaktur.com\/wp-content\/uploads\/2025\/08\/sauna-helle-espe-glastuer-1-1280x853.jpg 1280w, https:\/\/www.corso-saunamanufaktur.com\/wp-content\/uploads\/2025\/08\/sauna-helle-espe-glastuer-1-480x320.jpg 480w, https:\/\/www.corso-saunamanufaktur.com\/wp-content\/uploads\/2025\/08\/sauna-helle-espe-glastuer-1-768x512.jpg 768w, https:\/\/www.corso-saunamanufaktur.com\/wp-content\/uploads\/2025\/08\/sauna-helle-espe-glastuer-1.jpg 1400w\" sizes=\"(max-width: 1280px) 100vw, 1280px\" \/><\/a><\/figure>\n<\/figure>\n<\/div>\n\n\n\n<div class=\"wp-block-jetpack-layout-grid-column wp-block-jetpack-layout-grid__padding-none\">\n<h2 class=\"wp-block-heading\" id=\"weiter\">Sauna en tremble clair: donn\u00e9es cl\u00e9s<\/h2>\n\n\n\n<p>Le client sur le projet: \u00abUn beau design et une bonne qualit\u00e9 \u00e9taient importants pour nous. Le sauna, le fitness et la salle de bains doivent \u00eatre de plain-pied. Le sauna sans fioritures s\u2019int\u00e8gre bien au style de notre maison. Quand on se d\u00e9tend, on a une bonne vue.\u00ab<\/p>\n\n\n\n<p>Largeur: 187 cm<br>Profondeur: 245 cm<br>Hauteur: 220 cm<\/p>\n\n\n\n<p>Radiateur: <br>Bi-O Cubo 12 kW avec pierres de sauna de 25 kg<br><br>Commande\/appareillage de sauna : <br>EOS Emostyle H, EOS Emotec L 09<\/p>\n\n\n\n<p>Nous sommes \u00e9galement heureux de planifier votre sauna sur mesure :<\/p>\n\n\n\n<div class=\"wp-block-buttons is-layout-flex wp-block-buttons-is-layout-flex\">\n<div class=\"wp-block-button\"><a class=\"wp-block-button__link wp-element-button\" href=\"https:\/\/www.corso-saunamanufaktur.com\/fr\/manufacture\/contact\/\"><strong>Planifiez mon sauna  ><\/strong><\/a><\/div>\n<\/div>\n\n\n\n<p><br>Photos: <br>Arnt Haug<\/p>\n<\/div>\n<\/div>\n\n\n\n<div class=\"wp-block-jetpack-layout-grid column1-desktop-grid__span-12 column1-desktop-grid__row-1 column1-tablet-grid__span-8 column1-tablet-grid__row-1 column1-mobile-grid__span-4 column1-mobile-grid__row-1\">\n<div class=\"wp-block-jetpack-layout-grid-column wp-block-jetpack-layout-grid__padding-none\">\n<p><br><\/p>\n<\/div>\n<\/div>\n\n\n<div id=\"crsx-mb-block-b9e60380-4155-48dc-bc6a-a9340ee43fe0\" class=\"crsx-testimonnial-image is-style-alignfull\" style=\"background-image: url(https:\/\/www.corso-saunamanufaktur.com\/wp-content\/uploads\/2020\/08\/Corso-Benedictus-Lingens.jpg)\">\n\t\t<div class=\"icon\">\n\t\t<img decoding=\"async\" class=\"img-icon\" src=\"https:\/\/www.corso-saunamanufaktur.com\/wp-content\/uploads\/2020\/06\/CORSO-5013_s_beratungsgespraech.svg\" alt=\"\" title=\"\">\n\t<\/div>\n\t\t<div class=\"panel\">\n\t\t<div class=\"intro\">Conseils de professionnels<\/div>\n\t\t<blockquote class=\"quote\">Le sauna est un achat pour la vie. Nous vous conseillons de mani\u00e8re exhaustive sur toutes les options et vous aidons \u00e0 am\u00e9nager votre espace bien-\u00eatre.<\/blockquote>\n\t\t<div class=\"source\">Benedictus Lingens, corso sauna manufaktoire<\/div>\n\t\t\t<\/div>\n<\/div>\n\n\n\n<div class=\"wp-block-jetpack-layout-grid column1-desktop-grid__span-12 column1-desktop-grid__row-1 column1-tablet-grid__span-8 column1-tablet-grid__row-1 column1-mobile-grid__span-4 column1-mobile-grid__row-1\">\n<div class=\"wp-block-jetpack-layout-grid-column wp-block-jetpack-layout-grid__padding-none\">\n<p><br>Plus d\u2019inspiration : <a href=\"https:\/\/de.pinterest.com\/corsosauna\/\" target=\"_blank\" rel=\"noreferrer noopener\">Pinterest<\/a><\/p>\n<\/div>\n<\/div>\n\n\n\n<div class=\"wp-block-jetpack-layout-grid column1-desktop-grid__span-6 column1-desktop-grid__row-1 column2-desktop-grid__span-6 column2-desktop-grid__start-7 column2-desktop-grid__row-1 column1-tablet-grid__span-4 column1-tablet-grid__row-1 column2-tablet-grid__span-4 column2-tablet-grid__start-5 column2-tablet-grid__row-1 column1-mobile-grid__span-4 column1-mobile-grid__row-1 column2-mobile-grid__span-4 column2-mobile-grid__row-2\">\n<div class=\"wp-block-jetpack-layout-grid-column wp-block-jetpack-layout-grid__padding-none\"><div id=\"crsx-mb-block-e4857cf8-ae40-40ac-a9af-32df69b12d35\" class=\"crsx-image-button \">\n\t<img decoding=\"async\" class=\"img-back\" src=\"https:\/\/www.corso-saunamanufaktur.com\/wp-content\/uploads\/2020\/06\/Sauna-Ausstellung-corso-1.jpg\" srcset=\"https:\/\/www.corso-saunamanufaktur.com\/wp-content\/uploads\/2020\/06\/Sauna-Ausstellung-corso-1-480x319.jpg 480w, https:\/\/www.corso-saunamanufaktur.com\/wp-content\/uploads\/2020\/06\/Sauna-Ausstellung-corso-1-1280x851.jpg 1280w, https:\/\/www.corso-saunamanufaktur.com\/wp-content\/uploads\/2020\/06\/Sauna-Ausstellung-corso-1-768x511.jpg 768w, https:\/\/www.corso-saunamanufaktur.com\/wp-content\/uploads\/2020\/06\/Sauna-Ausstellung-corso-1-640x426.jpg 640w, https:\/\/www.corso-saunamanufaktur.com\/wp-content\/uploads\/2020\/06\/Sauna-Ausstellung-corso-1-300x200.jpg 300w, https:\/\/www.corso-saunamanufaktur.com\/wp-content\/uploads\/2020\/06\/Sauna-Ausstellung-corso-1-1024x681.jpg 1024w, https:\/\/www.corso-saunamanufaktur.com\/wp-content\/uploads\/2020\/06\/Sauna-Ausstellung-corso-1.jpg 1400w\" alt=\"\" title=\"\">\n\t<div class=\"buttons\">\n\t\t<a class=\"btn-target\" href=\"https:\/\/www.corso-saunamanufaktur.com\/fr\/expositions-sauna\/\"><span class=\"btn-title\">Exhibitions<\/span><span class=\"btn-subtitle\">Faites-vous conseiller d\u00e8s maintenant<\/span><\/a>\t<\/div>\n<\/div>\n<\/div>\n\n\n\n<div class=\"wp-block-jetpack-layout-grid-column wp-block-jetpack-layout-grid__padding-none\"><div id=\"crsx-mb-block-f6b0aa78-1ccf-47c3-ab6f-360c84a22c08\" class=\"crsx-image-button \">\n\t<img decoding=\"async\" class=\"img-back\" src=\"https:\/\/www.corso-saunamanufaktur.com\/wp-content\/uploads\/2020\/08\/sauna-zeichnung-planung-corso-sauna-manufaktur.jpg\" srcset=\"https:\/\/www.corso-saunamanufaktur.com\/wp-content\/uploads\/2020\/08\/sauna-zeichnung-planung-corso-sauna-manufaktur-480x320.jpg 480w, https:\/\/www.corso-saunamanufaktur.com\/wp-content\/uploads\/2020\/08\/sauna-zeichnung-planung-corso-sauna-manufaktur-1280x853.jpg 1280w, https:\/\/www.corso-saunamanufaktur.com\/wp-content\/uploads\/2020\/08\/sauna-zeichnung-planung-corso-sauna-manufaktur-768x512.jpg 768w, https:\/\/www.corso-saunamanufaktur.com\/wp-content\/uploads\/2020\/08\/sauna-zeichnung-planung-corso-sauna-manufaktur-640x427.jpg 640w, https:\/\/www.corso-saunamanufaktur.com\/wp-content\/uploads\/2020\/08\/sauna-zeichnung-planung-corso-sauna-manufaktur.jpg 1400w\" alt=\"\" title=\"\">\n\t<div class=\"buttons\">\n\t\t<a class=\"btn-target\" href=\"https:\/\/www.corso-saunamanufaktur.com\/fr\/manufacture\/\"><span class=\"btn-title\">Manufacture<\/span><span class=\"btn-subtitle\">Beaucoup de sens du design<\/span><\/a>\t<\/div>\n<\/div>\n<\/div>\n<\/div>\n","protected":false},"excerpt":{"rendered":"<p>Sauna sur mesure dans la salle de bain. Design d\u2019une beaut\u00e9 intemporelle en bois de tremble clair avec profil \u00e0 double rainure avec joint d\u2019ombre. Le sauna offre beaucoup d\u2019espace pour se d\u00e9tendre &#8211; avec une vue sur la salle de bains (et une vue indirecte sur l\u2019ext\u00e9rieur). La proximit\u00e9 de la douche est id\u00e9ale &#8230; <a title=\"Sauna en tremble clair avec porte vitr\u00e9e\" class=\"read-more\" href=\"https:\/\/www.corso-saunamanufaktur.com\/fr\/sauna-tremble-clair-porte-vitree\/\" aria-label=\"En savoir plus sur Sauna en tremble clair avec porte vitr\u00e9e\">Lire la suite<\/a><\/p>\n","protected":false},"author":5,"featured_media":28319,"comment_status":"closed","ping_status":"closed","sticky":false,"template":"","format":"standard","meta":{"om_disable_all_campaigns":false,"footnotes":""},"categories":[48],"tags":[234,233],"class_list":["post-28310","post","type-post","status-publish","format-standard","has-post-thumbnail","hentry","category-referenz-fr","tag-bain","tag-tremble"],"_links":{"self":[{"href":"https:\/\/www.corso-saunamanufaktur.com\/fr\/wp-json\/wp\/v2\/posts\/28310","targetHints":{"allow":["GET"]}}],"collection":[{"href":"https:\/\/www.corso-saunamanufaktur.com\/fr\/wp-json\/wp\/v2\/posts"}],"about":[{"href":"https:\/\/www.corso-saunamanufaktur.com\/fr\/wp-json\/wp\/v2\/types\/post"}],"author":[{"embeddable":true,"href":"https:\/\/www.corso-saunamanufaktur.com\/fr\/wp-json\/wp\/v2\/users\/5"}],"replies":[{"embeddable":true,"href":"https:\/\/www.corso-saunamanufaktur.com\/fr\/wp-json\/wp\/v2\/comments?post=28310"}],"version-history":[{"count":0,"href":"https:\/\/www.corso-saunamanufaktur.com\/fr\/wp-json\/wp\/v2\/posts\/28310\/revisions"}],"wp:featuredmedia":[{"embeddable":true,"href":"https:\/\/www.corso-saunamanufaktur.com\/fr\/wp-json\/wp\/v2\/media\/28319"}],"wp:attachment":[{"href":"https:\/\/www.corso-saunamanufaktur.com\/fr\/wp-json\/wp\/v2\/media?parent=28310"}],"wp:term":[{"taxonomy":"category","embeddable":true,"href":"https:\/\/www.corso-saunamanufaktur.com\/fr\/wp-json\/wp\/v2\/categories?post=28310"},{"taxonomy":"post_tag","embeddable":true,"href":"https:\/\/www.corso-saunamanufaktur.com\/fr\/wp-json\/wp\/v2\/tags?post=28310"}],"curies":[{"name":"wp","href":"https:\/\/api.w.org\/{rel}","templated":true}]}}