{"id":28149,"date":"2025-07-10T07:32:44","date_gmt":"2025-07-10T05:32:44","guid":{"rendered":"https:\/\/www.corso-saunamanufaktur.com\/?p=28149"},"modified":"2025-07-10T07:37:46","modified_gmt":"2025-07-10T05:37:46","slug":"sauna-de-jardin-sans-antichambre","status":"publish","type":"post","link":"https:\/\/www.corso-saunamanufaktur.com\/fr\/sauna-de-jardin-sans-antichambre\/","title":{"rendered":"Sauna de jardin sans antichambre"},"content":{"rendered":"\n<div class=\"wp-block-jetpack-layout-grid column1-desktop-grid__span-8 column1-desktop-grid__row-1 column2-desktop-grid__span-4 column2-desktop-grid__start-9 column2-desktop-grid__row-1 column1-tablet-grid__span-4 column1-tablet-grid__row-1 column2-tablet-grid__span-4 column2-tablet-grid__start-5 column2-tablet-grid__row-1 column1-mobile-grid__span-4 column1-mobile-grid__row-1 column2-mobile-grid__span-4 column2-mobile-grid__row-2\">\n<div class=\"wp-block-jetpack-layout-grid-column wp-block-jetpack-layout-grid__padding-none\"><div id=\"gutenslider-oapaqp9ya\" class=\"wp-block-eedee-block-gutenslider content-change alignnone arrow-style-1 arrow-position-sides arrow-mb-none arrows-lg arrows-md arrows-sm dot-style-1 dots-lg dots-md dots-sm dot-position-bottom is-position-center-center mb-none\" style=\"--gutenslider-min-height: 50vh;--gutenslider-arrow-size: 30px;--gutenslider-dot-size: 25px;--gutenslider-arrow-color: #ffffff;--gutenslider-dot-color: #ffffff;--gutenslider-padding-y-mobile: 40px;--gutenslider-padding-x-mobile: 40px;--gutenslider-padding-y-tablet: 40px;--gutenslider-padding-x-tablet: 40px;--gutenslider-padding-y-desktop: 40px;--gutenslider-padding-x-desktop: 40px;--gutenslider-bg-image: url();--gutenslider-min-height-md: 50vh;--gutenslider-min-height-sm: 50vh;--gutenslider-padding-x: 40px;--gutenslider-padding-x-md: 40px;--gutenslider-padding-x-sm: 20px;--gutenslider-padding-y: 40px;--gutenslider-padding-y-md: 40px;--gutenslider-padding-y-sm: 20px;--gutenslider-arrow-size-md: 30px;--gutenslider-arrow-size-sm: 30px;--gutenslider-dot-size-md: 25px;--gutenslider-dot-size-sm: 25px;--gutenslider-arrow-bg-color: transparent;--gutenslider-arrow-hover-color: #eeeeee;--gutenslider-arrow-bg-hover-color: transparent;--gutenslider-arrow-x-offset: 10px;--gutenslider-arrow-x-offset-md: 10px;--gutenslider-arrow-x-offset-sm: 10px;--gutenslider-arrow-y-offset: 0px;--gutenslider-arrow-y-offset-md: 0px;--gutenslider-arrow-y-offset-sm: 0px;--gutenslider-arrow-x-spacing: 0px;--gutenslider-dot-y-offset: 10px;--gutenslider-dot-y-offset-md: 10px;--gutenslider-dot-y-offset-sm: 10px;--gutenslider-margin-x: 0px;--gutenslider-margin-x-md: 0px;--gutenslider-margin-x-sm: 0px;--gutenslider-margin-y: 0px;--gutenslider-margin-y-md: 0px;--gutenslider-margin-y-sm: 0px;--gutenslider-divider-top: 60px;--gutenslider-divider-bottom: 60px;--gutenslider-lightgallery-bg: #ffffff;--gutenslider-lightgallery-font: #000000;\" data-parallax-direction=\"down\" data-parallax-amount=\"1.3\" data-lg-transition=\"lg-slide\" data-hash=\"\"><div class=\"eedee-swiper-outer\"><div class=\"gutenslider-divider-top\" style=\"color:#fff; height:60px;\"><\/div><div class=\"swiper\" data-settings='{\"autoplay\":{\"delay\":3000,\"pauseOnMouseEnter\":true,\"disableOnInteraction\":false},\"speed\":700,\"direction\":\"horizontal\",\"autoHeight\":\"\",\"loop\":true,\"centeredSlides\":true,\"spaceBetween\":0,\"slidesPerView\":1,\"slidesPerGroup\":1,\"effect\":\"slide\",\"coverflowEffect\":{\"rotate\":30,\"slideShadows\":false,\"depth\":100,\"stretch\":50,\"modifier\":1},\"fadeEffect\":{\"crossFade\":true},\"zoom\":\"\",\"navigation\":{\"nextEl\":\"#gutenslider-oapaqp9ya .eedee-gutenslider-next\",\"prevEl\":\"#gutenslider-oapaqp9ya .eedee-gutenslider-prev\"},\"pagination\":{\"type\":\"bullets\",\"clickable\":true,\"dynamicBullets\":false,\"el\":\"#gutenslider-oapaqp9ya .eedee-gutenslider-pagination\"},\"pauseOnHover\":\"1\",\"watchSlidesProgress\":true,\"watchSlidesVisibility\":true,\"settingsMd\":{\"autoHeight\":\"\",\"slidesPerView\":1,\"slidesPerGroup\":1,\"spaceBetween\":0},\"settingsLg\":{\"autoHeight\":\"\",\"slidesPerView\":1,\"slidesPerGroup\":1,\"spaceBetween\":0},\"hasLg\":false,\"hasLgCounter\":true,\"isFullScreen\":false,\"arrowsFollowMouse\":false,\"lgTitle\":\"none\",\"lgCaption\":\"none\",\"lgThumbnails\":true,\"keyboard\":{\"keyboard\":{\"enabled\":true,\"onlyInViewport\":true}},\"hashNavigation\":false}'><div class=\"swiper-wrapper\">\n<div class=\"swiper-slide wp-block-eedee-block-gutenslide is-position-center-center ed-bg-image\" style=\"--ed-vw:480;--ed-vh:320;\" data-hash=\"\"><div class=\"eedee-background-div bg-image\"><img decoding=\"async\" width=\"1280\" height=\"853\" class=\"swiper-lazy wp-image-28028\" src=\"https:\/\/www.corso-saunamanufaktur.com\/wp-content\/uploads\/2025\/05\/moderne-gartensauna-kompakt-3-1280x853.jpg\" alt=\"Gartensauna ohne Vorraum mit Glas-Eingangst\u00fcr und seitlichem Fenster.\" style=\"object-fit: cover; object-position: 50% 50%;\" data-title=\"moderne-gartensauna-kompakt-3\" title=\"\" srcset=\"https:\/\/www.corso-saunamanufaktur.com\/wp-content\/uploads\/2025\/05\/moderne-gartensauna-kompakt-3-1280x853.jpg 1280w, https:\/\/www.corso-saunamanufaktur.com\/wp-content\/uploads\/2025\/05\/moderne-gartensauna-kompakt-3-480x320.jpg 480w, https:\/\/www.corso-saunamanufaktur.com\/wp-content\/uploads\/2025\/05\/moderne-gartensauna-kompakt-3-768x512.jpg 768w, https:\/\/www.corso-saunamanufaktur.com\/wp-content\/uploads\/2025\/05\/moderne-gartensauna-kompakt-3.jpg 1400w\" sizes=\"(max-width: 1280px) 100vw, 1280px\" \/><div class=\"eedee-background-div__overlay\" style=\"opacity:1;\"><\/div><\/div><div class=\"slide-content\">\n\n<p class=\"has-text-align-center gutenslider-content-initial has-larger-font-size\"><\/p>\n\n<\/div><\/div>\n\n<div class=\"swiper-slide wp-block-eedee-block-gutenslide is-position-center-center ed-bg-image\" style=\"--ed-vw:480;--ed-vh:320;\" data-hash=\"\"><div class=\"eedee-background-div bg-image\"><img decoding=\"async\" width=\"1280\" height=\"853\" class=\"swiper-lazy wp-image-28031\" src=\"https:\/\/www.corso-saunamanufaktur.com\/wp-content\/uploads\/2025\/05\/moderne-gartensauna-kompakt-4-1280x853.jpg\" alt=\"Gartensauna ohne Vorraum mit Glas-Eingangst\u00fcr und seitlichem Panoramafenster.\" style=\"object-fit: cover; object-position: 50% 50%;\" data-title=\"moderne-gartensauna-kompakt-4\" title=\"\" srcset=\"https:\/\/www.corso-saunamanufaktur.com\/wp-content\/uploads\/2025\/05\/moderne-gartensauna-kompakt-4-1280x853.jpg 1280w, https:\/\/www.corso-saunamanufaktur.com\/wp-content\/uploads\/2025\/05\/moderne-gartensauna-kompakt-4-480x320.jpg 480w, https:\/\/www.corso-saunamanufaktur.com\/wp-content\/uploads\/2025\/05\/moderne-gartensauna-kompakt-4-768x512.jpg 768w, https:\/\/www.corso-saunamanufaktur.com\/wp-content\/uploads\/2025\/05\/moderne-gartensauna-kompakt-4.jpg 1400w\" sizes=\"(max-width: 1280px) 100vw, 1280px\" \/><div class=\"eedee-background-div__overlay\" style=\"opacity:1;\"><\/div><\/div><div class=\"slide-content\">\n\n<p class=\"has-text-align-center gutenslider-content-initial has-larger-font-size\"><\/p>\n\n<\/div><\/div>\n\n<div class=\"swiper-slide wp-block-eedee-block-gutenslide is-position-center-center ed-bg-image\" style=\"--ed-vw:480;--ed-vh:320;\" data-hash=\"\"><div class=\"eedee-background-div bg-image\"><img decoding=\"async\" width=\"1280\" height=\"853\" class=\"swiper-lazy wp-image-28019\" src=\"https:\/\/www.corso-saunamanufaktur.com\/wp-content\/uploads\/2025\/05\/moderne-gartensauna-kompakt-7-1280x853.jpg\" alt=\"Gartensauna ohne Vorraum mit Glas-Eingangst\u00fcr und seitlichem Panoramafenster.\" style=\"object-fit: cover; object-position: 50% 50%;\" data-title=\"moderne-gartensauna-kompakt-7\" title=\"\" srcset=\"https:\/\/www.corso-saunamanufaktur.com\/wp-content\/uploads\/2025\/05\/moderne-gartensauna-kompakt-7-1280x853.jpg 1280w, https:\/\/www.corso-saunamanufaktur.com\/wp-content\/uploads\/2025\/05\/moderne-gartensauna-kompakt-7-480x320.jpg 480w, https:\/\/www.corso-saunamanufaktur.com\/wp-content\/uploads\/2025\/05\/moderne-gartensauna-kompakt-7-768x512.jpg 768w, https:\/\/www.corso-saunamanufaktur.com\/wp-content\/uploads\/2025\/05\/moderne-gartensauna-kompakt-7.jpg 1400w\" sizes=\"(max-width: 1280px) 100vw, 1280px\" \/><div class=\"eedee-background-div__overlay\" style=\"opacity:1;\"><\/div><\/div><div class=\"slide-content\">\n\n<p class=\"has-text-align-center gutenslider-content-initial has-larger-font-size\"><\/p>\n\n<\/div><\/div>\n\n<div class=\"swiper-slide wp-block-eedee-block-gutenslide is-position-center-center ed-bg-image\" style=\"--ed-vw:480;--ed-vh:320;\" data-hash=\"\"><div class=\"eedee-background-div bg-image\"><img decoding=\"async\" width=\"1280\" height=\"853\" class=\"swiper-lazy wp-image-28016\" src=\"https:\/\/www.corso-saunamanufaktur.com\/wp-content\/uploads\/2025\/05\/moderne-gartensauna-kompakt-6-1280x853.jpg\" alt=\"Gartensauna ohne Vorraum mit Glas-Eingangst\u00fcr und seitlichem Panoramafenster.\" style=\"object-fit: cover; object-position: 50% 50%;\" data-title=\"moderne-gartensauna-kompakt-6\" title=\"\" srcset=\"https:\/\/www.corso-saunamanufaktur.com\/wp-content\/uploads\/2025\/05\/moderne-gartensauna-kompakt-6-1280x853.jpg 1280w, https:\/\/www.corso-saunamanufaktur.com\/wp-content\/uploads\/2025\/05\/moderne-gartensauna-kompakt-6-480x320.jpg 480w, https:\/\/www.corso-saunamanufaktur.com\/wp-content\/uploads\/2025\/05\/moderne-gartensauna-kompakt-6-768x512.jpg 768w, https:\/\/www.corso-saunamanufaktur.com\/wp-content\/uploads\/2025\/05\/moderne-gartensauna-kompakt-6.jpg 1400w\" sizes=\"(max-width: 1280px) 100vw, 1280px\" \/><div class=\"eedee-background-div__overlay\" style=\"opacity:1;\"><\/div><\/div><div class=\"slide-content\">\n\n<p class=\"has-text-align-center gutenslider-content-initial has-larger-font-size\"><\/p>\n\n<\/div><\/div>\n\n<div class=\"swiper-slide wp-block-eedee-block-gutenslide is-position-center-center ed-bg-image\" style=\"--ed-vw:480;--ed-vh:320;\" data-hash=\"\"><div class=\"eedee-background-div bg-image\"><img decoding=\"async\" width=\"1280\" height=\"853\" class=\"swiper-lazy wp-image-28025\" src=\"https:\/\/www.corso-saunamanufaktur.com\/wp-content\/uploads\/2025\/05\/moderne-gartensauna-kompakt-2-1280x853.jpg\" alt=\"Gartensauna ohne Vorraum mit Glas-Eingangst\u00fcr und seitlichem Panoramafenster.\" style=\"object-fit: cover; object-position: 50% 50%;\" data-title=\"moderne-gartensauna-kompakt-2\" title=\"\" srcset=\"https:\/\/www.corso-saunamanufaktur.com\/wp-content\/uploads\/2025\/05\/moderne-gartensauna-kompakt-2-1280x853.jpg 1280w, https:\/\/www.corso-saunamanufaktur.com\/wp-content\/uploads\/2025\/05\/moderne-gartensauna-kompakt-2-480x320.jpg 480w, https:\/\/www.corso-saunamanufaktur.com\/wp-content\/uploads\/2025\/05\/moderne-gartensauna-kompakt-2-768x512.jpg 768w, https:\/\/www.corso-saunamanufaktur.com\/wp-content\/uploads\/2025\/05\/moderne-gartensauna-kompakt-2.jpg 1400w\" sizes=\"(max-width: 1280px) 100vw, 1280px\" \/><div class=\"eedee-background-div__overlay\" style=\"opacity:1;\"><\/div><\/div><div class=\"slide-content\">\n\n<p class=\"has-text-align-center gutenslider-content-initial has-larger-font-size\"><\/p>\n\n<\/div><\/div>\n\n<div class=\"swiper-slide wp-block-eedee-block-gutenslide is-position-center-center ed-bg-image\" style=\"--ed-vw:480;--ed-vh:320;\" data-hash=\"\"><div class=\"eedee-background-div bg-image\"><img decoding=\"async\" width=\"1280\" height=\"853\" class=\"swiper-lazy wp-image-28022\" src=\"https:\/\/www.corso-saunamanufaktur.com\/wp-content\/uploads\/2025\/05\/moderne-gartensauna-kompakt-1-1280x853.jpg\" alt=\"Gartensauna ohne Vorraum mit Glas-Eingangst\u00fcr und seitlichem Panoramafenster.\" style=\"object-fit: cover; object-position: 50% 50%;\" data-title=\"moderne-gartensauna-kompakt-1\" title=\"\" srcset=\"https:\/\/www.corso-saunamanufaktur.com\/wp-content\/uploads\/2025\/05\/moderne-gartensauna-kompakt-1-1280x853.jpg 1280w, https:\/\/www.corso-saunamanufaktur.com\/wp-content\/uploads\/2025\/05\/moderne-gartensauna-kompakt-1-480x320.jpg 480w, https:\/\/www.corso-saunamanufaktur.com\/wp-content\/uploads\/2025\/05\/moderne-gartensauna-kompakt-1-768x512.jpg 768w, https:\/\/www.corso-saunamanufaktur.com\/wp-content\/uploads\/2025\/05\/moderne-gartensauna-kompakt-1.jpg 1400w\" sizes=\"(max-width: 1280px) 100vw, 1280px\" \/><div class=\"eedee-background-div__overlay\" style=\"opacity:1;\"><\/div><\/div><div class=\"slide-content\">\n\n<p class=\"has-text-align-center gutenslider-content-initial has-larger-font-size\"><\/p>\n\n<\/div><\/div>\n<\/div><\/div><button class=\"eedee-gutenslider-nav eedee-gutenslider-prev\" aria-label=\"Previous Slide\" aria-disabled=\"false\"><svg xmlns=\"http:\/\/www.w3.org\/2000\/svg\" viewBox=\"0 0 24 24\" width=\"24\" height=\"24\"><circle class=\"bg\" cx=\"13\" cy=\"12\" r=\"11\" \/><path fill=\"none\" d=\"M0 0h24v24H0z\"\/><path class=\"arrow\" d=\"M10.828 12l4.95 4.95-1.414 1.414L8 12l6.364-6.364 1.414 1.414z\"\/><\/svg><\/button><button class=\"eedee-gutenslider-nav eedee-gutenslider-next\" aria-label=\"Next Slide\" aria-disabled=\"false\"><svg xmlns=\"http:\/\/www.w3.org\/2000\/svg\" viewBox=\"0 0 24 24\" width=\"24\" height=\"24\"><circle class=\"bg\" cx=\"11\" cy=\"12\" r=\"11\" \/><path fill=\"none\" d=\"M0 0h24v24H0z\"\/><path class=\"arrow\" d=\"M13.172 12l-4.95-4.95 1.414-1.414L16 12l-6.364 6.364-1.414-1.414z\"\/><\/svg><\/button><div class=\"eedee-gutenslider-pagination\"><\/div><\/div><div class=\"gutenslider-divider-bottom \" style=\"color:#fff; height:60px;\"><\/div><\/div><\/div>\n\n\n\n<div class=\"wp-block-jetpack-layout-grid-column is-style-border wp-block-jetpack-layout-grid__padding-none\">\n<p>En g\u00e9n\u00e9ral, nous recommandons de pr\u00e9voir un sauna de jardin avec une antichambre. Dans ce projet, cependant, le sauna de jardin a \u00e9t\u00e9 positionn\u00e9 et reli\u00e9 au mur de la maison existante de mani\u00e8re \u00e0 ce que les constructeurs puissent se rendre au sauna sans antichambre sans pieds secs.   <\/p>\n\n\n\n<p>L\u2019espace disponible a ensuite \u00e9t\u00e9 enti\u00e8rement utilis\u00e9 pour le sauna, qui est donc spacieux : avec la meilleure vue sur le jardin \u00e0 travers la fen\u00eatre panoramique et la fa\u00e7ade vitr\u00e9e.  <a href=\"#mehr\">plus  &gt;<\/a><\/p>\n\n\n\n<div class=\"wp-block-buttons is-layout-flex wp-block-buttons-is-layout-flex\">\n<div class=\"wp-block-button\"><a class=\"wp-block-button__link has-very-dark-gray-color has-luminous-vivid-amber-background-color has-text-color has-background no-border-radius wp-element-button\" href=\"https:\/\/www.corso-saunamanufaktur.com\/fr\/manufacture\/contact\/\"><strong>Pr\u00e9voir mon sauna de jardin  ><\/strong><\/a><\/div>\n<\/div>\n\n\n\n<p><\/p>\n<\/div>\n<\/div>\n\n\n\n<div class=\"wp-block-jetpack-layout-grid column1-desktop-grid__span-12 column1-desktop-grid__row-1 column1-tablet-grid__span-8 column1-tablet-grid__row-1 column1-mobile-grid__span-4 column1-mobile-grid__row-1\">\n<div class=\"wp-block-jetpack-layout-grid-column wp-block-jetpack-layout-grid__padding-none\"><div id=\"crsx-mb-block-535e6306-4059-4555-a3e2-5663e6219d84\" class=\"crsx-testimonnial-image is-style-alignfull\" style=\"background-image: url(https:\/\/www.corso-saunamanufaktur.com\/wp-content\/uploads\/2020\/06\/Corso-Zitate_Yoga_2000x600.jpg)\">\n\t\t<div class=\"icon\">\n\t\t<img decoding=\"async\" class=\"img-icon\" src=\"https:\/\/www.corso-saunamanufaktur.com\/wp-content\/uploads\/2020\/06\/CORSO-5013_s_ma-beratung.svg\" alt=\"\" title=\"\">\n\t<\/div>\n\t\t<div class=\"panel\">\n\t\t<div class=\"intro\">Outdoor SPA<\/div>\n\t\t<blockquote class=\"quote\">Le d\u00e9fi de ce projet consistait \u00e0 fixer de mani\u00e8re invisible le rev\u00eatement ext\u00e9rieur, qui est constitu\u00e9 de lattes de bois en rhombus.<\/blockquote>\n\t\t<div class=\"source\">Ingo Moormann, sp\u00e9cialiste du sauna ext\u00e9rieur<\/div>\n\t\t\t<\/div>\n<\/div>\n<\/div>\n<\/div>\n\n\n\n<div class=\"wp-block-jetpack-layout-grid column1-desktop-grid__span-8 column1-desktop-grid__row-1 column2-desktop-grid__span-4 column2-desktop-grid__start-9 column2-desktop-grid__row-1 column1-tablet-grid__span-4 column1-tablet-grid__row-1 column2-tablet-grid__span-4 column2-tablet-grid__start-5 column2-tablet-grid__row-1 column1-mobile-grid__span-4 column1-mobile-grid__row-1 column2-mobile-grid__span-4 column2-mobile-grid__row-2\">\n<div class=\"wp-block-jetpack-layout-grid-column wp-block-jetpack-layout-grid__padding-none\">\n<figure class=\"wp-block-gallery has-nested-images columns-2 is-cropped wp-block-gallery-1 is-layout-flex wp-block-gallery-is-layout-flex\">\n<figure class=\"wp-block-image size-large\"><a href=\"https:\/\/www.corso-saunamanufaktur.com\/wp-content\/uploads\/2025\/05\/moderne-gartensauna-kompakt-5-1280x853.jpg\"><img decoding=\"async\" width=\"1280\" height=\"853\" data-id=\"28034\" src=\"https:\/\/www.corso-saunamanufaktur.com\/wp-content\/uploads\/2025\/05\/moderne-gartensauna-kompakt-5-1280x853.jpg\" alt=\"\" class=\"wp-image-28034\" title=\"\" srcset=\"https:\/\/www.corso-saunamanufaktur.com\/wp-content\/uploads\/2025\/05\/moderne-gartensauna-kompakt-5-1280x853.jpg 1280w, https:\/\/www.corso-saunamanufaktur.com\/wp-content\/uploads\/2025\/05\/moderne-gartensauna-kompakt-5-480x320.jpg 480w, https:\/\/www.corso-saunamanufaktur.com\/wp-content\/uploads\/2025\/05\/moderne-gartensauna-kompakt-5-768x512.jpg 768w, https:\/\/www.corso-saunamanufaktur.com\/wp-content\/uploads\/2025\/05\/moderne-gartensauna-kompakt-5.jpg 1400w\" sizes=\"(max-width: 1280px) 100vw, 1280px\" \/><\/a><\/figure>\n\n\n\n<figure class=\"wp-block-image size-large\"><a href=\"https:\/\/www.corso-saunamanufaktur.com\/wp-content\/uploads\/2025\/05\/moderne-gartensauna-kompakt-4-1280x853.jpg\"><img decoding=\"async\" width=\"1280\" height=\"853\" data-id=\"28031\" src=\"https:\/\/www.corso-saunamanufaktur.com\/wp-content\/uploads\/2025\/05\/moderne-gartensauna-kompakt-4-1280x853.jpg\" alt=\"Sauna de jardin sans antichambre avec porte d\u2019entr\u00e9e vitr\u00e9e et fen\u00eatre panoramique lat\u00e9rale.\" class=\"wp-image-28031\" title=\"\" srcset=\"https:\/\/www.corso-saunamanufaktur.com\/wp-content\/uploads\/2025\/05\/moderne-gartensauna-kompakt-4-1280x853.jpg 1280w, https:\/\/www.corso-saunamanufaktur.com\/wp-content\/uploads\/2025\/05\/moderne-gartensauna-kompakt-4-480x320.jpg 480w, https:\/\/www.corso-saunamanufaktur.com\/wp-content\/uploads\/2025\/05\/moderne-gartensauna-kompakt-4-768x512.jpg 768w, https:\/\/www.corso-saunamanufaktur.com\/wp-content\/uploads\/2025\/05\/moderne-gartensauna-kompakt-4.jpg 1400w\" sizes=\"(max-width: 1280px) 100vw, 1280px\" \/><\/a><\/figure>\n\n\n\n<figure class=\"wp-block-image size-large\"><a href=\"https:\/\/www.corso-saunamanufaktur.com\/wp-content\/uploads\/2025\/05\/moderne-gartensauna-kompakt-3-1280x853.jpg\"><img decoding=\"async\" width=\"1280\" height=\"853\" data-id=\"28028\" src=\"https:\/\/www.corso-saunamanufaktur.com\/wp-content\/uploads\/2025\/05\/moderne-gartensauna-kompakt-3-1280x853.jpg\" alt=\"Sauna de jardin sans antichambre avec porte d\u2019entr\u00e9e en verre et fen\u00eatre lat\u00e9rale.\" class=\"wp-image-28028\" title=\"\" srcset=\"https:\/\/www.corso-saunamanufaktur.com\/wp-content\/uploads\/2025\/05\/moderne-gartensauna-kompakt-3-1280x853.jpg 1280w, https:\/\/www.corso-saunamanufaktur.com\/wp-content\/uploads\/2025\/05\/moderne-gartensauna-kompakt-3-480x320.jpg 480w, https:\/\/www.corso-saunamanufaktur.com\/wp-content\/uploads\/2025\/05\/moderne-gartensauna-kompakt-3-768x512.jpg 768w, https:\/\/www.corso-saunamanufaktur.com\/wp-content\/uploads\/2025\/05\/moderne-gartensauna-kompakt-3.jpg 1400w\" sizes=\"(max-width: 1280px) 100vw, 1280px\" \/><\/a><\/figure>\n\n\n\n<figure class=\"wp-block-image size-large\"><a href=\"https:\/\/www.corso-saunamanufaktur.com\/wp-content\/uploads\/2025\/05\/moderne-gartensauna-kompakt-7-1280x853.jpg\"><img decoding=\"async\" width=\"1280\" height=\"853\" data-id=\"28019\" src=\"https:\/\/www.corso-saunamanufaktur.com\/wp-content\/uploads\/2025\/05\/moderne-gartensauna-kompakt-7-1280x853.jpg\" alt=\"Sauna de jardin sans antichambre avec porte d\u2019entr\u00e9e vitr\u00e9e et fen\u00eatre panoramique lat\u00e9rale.\" class=\"wp-image-28019\" title=\"\" srcset=\"https:\/\/www.corso-saunamanufaktur.com\/wp-content\/uploads\/2025\/05\/moderne-gartensauna-kompakt-7-1280x853.jpg 1280w, https:\/\/www.corso-saunamanufaktur.com\/wp-content\/uploads\/2025\/05\/moderne-gartensauna-kompakt-7-480x320.jpg 480w, https:\/\/www.corso-saunamanufaktur.com\/wp-content\/uploads\/2025\/05\/moderne-gartensauna-kompakt-7-768x512.jpg 768w, https:\/\/www.corso-saunamanufaktur.com\/wp-content\/uploads\/2025\/05\/moderne-gartensauna-kompakt-7.jpg 1400w\" sizes=\"(max-width: 1280px) 100vw, 1280px\" \/><\/a><\/figure>\n\n\n\n<figure class=\"wp-block-image size-large\"><a href=\"https:\/\/www.corso-saunamanufaktur.com\/wp-content\/uploads\/2025\/05\/moderne-gartensauna-kompakt-2-1280x853.jpg\"><img decoding=\"async\" width=\"1280\" height=\"853\" data-id=\"28025\" src=\"https:\/\/www.corso-saunamanufaktur.com\/wp-content\/uploads\/2025\/05\/moderne-gartensauna-kompakt-2-1280x853.jpg\" alt=\"Sauna de jardin sans antichambre avec porte d\u2019entr\u00e9e vitr\u00e9e et fen\u00eatre panoramique lat\u00e9rale.\" class=\"wp-image-28025\" title=\"\" srcset=\"https:\/\/www.corso-saunamanufaktur.com\/wp-content\/uploads\/2025\/05\/moderne-gartensauna-kompakt-2-1280x853.jpg 1280w, https:\/\/www.corso-saunamanufaktur.com\/wp-content\/uploads\/2025\/05\/moderne-gartensauna-kompakt-2-480x320.jpg 480w, https:\/\/www.corso-saunamanufaktur.com\/wp-content\/uploads\/2025\/05\/moderne-gartensauna-kompakt-2-768x512.jpg 768w, https:\/\/www.corso-saunamanufaktur.com\/wp-content\/uploads\/2025\/05\/moderne-gartensauna-kompakt-2.jpg 1400w\" sizes=\"(max-width: 1280px) 100vw, 1280px\" \/><\/a><\/figure>\n\n\n\n<figure class=\"wp-block-image size-large\"><a href=\"https:\/\/www.corso-saunamanufaktur.com\/wp-content\/uploads\/2025\/05\/moderne-gartensauna-kompakt-1-1280x853.jpg\"><img decoding=\"async\" width=\"1280\" height=\"853\" data-id=\"28022\" src=\"https:\/\/www.corso-saunamanufaktur.com\/wp-content\/uploads\/2025\/05\/moderne-gartensauna-kompakt-1-1280x853.jpg\" alt=\"Sauna de jardin sans antichambre avec porte d\u2019entr\u00e9e vitr\u00e9e et fen\u00eatre panoramique lat\u00e9rale.\" class=\"wp-image-28022\" title=\"\" srcset=\"https:\/\/www.corso-saunamanufaktur.com\/wp-content\/uploads\/2025\/05\/moderne-gartensauna-kompakt-1-1280x853.jpg 1280w, https:\/\/www.corso-saunamanufaktur.com\/wp-content\/uploads\/2025\/05\/moderne-gartensauna-kompakt-1-480x320.jpg 480w, https:\/\/www.corso-saunamanufaktur.com\/wp-content\/uploads\/2025\/05\/moderne-gartensauna-kompakt-1-768x512.jpg 768w, https:\/\/www.corso-saunamanufaktur.com\/wp-content\/uploads\/2025\/05\/moderne-gartensauna-kompakt-1.jpg 1400w\" sizes=\"(max-width: 1280px) 100vw, 1280px\" \/><\/a><\/figure>\n\n\n\n<figure class=\"wp-block-image size-large\"><a href=\"https:\/\/www.corso-saunamanufaktur.com\/wp-content\/uploads\/2025\/05\/moderne-gartensauna-kompakt-6-1280x853.jpg\"><img decoding=\"async\" width=\"1280\" height=\"853\" data-id=\"28016\" src=\"https:\/\/www.corso-saunamanufaktur.com\/wp-content\/uploads\/2025\/05\/moderne-gartensauna-kompakt-6-1280x853.jpg\" alt=\"Sauna de jardin sans antichambre avec porte d\u2019entr\u00e9e vitr\u00e9e et fen\u00eatre panoramique lat\u00e9rale.\" class=\"wp-image-28016\" title=\"\" srcset=\"https:\/\/www.corso-saunamanufaktur.com\/wp-content\/uploads\/2025\/05\/moderne-gartensauna-kompakt-6-1280x853.jpg 1280w, https:\/\/www.corso-saunamanufaktur.com\/wp-content\/uploads\/2025\/05\/moderne-gartensauna-kompakt-6-480x320.jpg 480w, https:\/\/www.corso-saunamanufaktur.com\/wp-content\/uploads\/2025\/05\/moderne-gartensauna-kompakt-6-768x512.jpg 768w, https:\/\/www.corso-saunamanufaktur.com\/wp-content\/uploads\/2025\/05\/moderne-gartensauna-kompakt-6.jpg 1400w\" sizes=\"(max-width: 1280px) 100vw, 1280px\" \/><\/a><\/figure>\n<\/figure>\n<\/div>\n\n\n\n<div class=\"wp-block-jetpack-layout-grid-column wp-block-jetpack-layout-grid__padding-none\">\n<h2 class=\"wp-block-heading\" id=\"mehr\">Sauna de jardin sans antichambre avec fen\u00eatre panoramique<\/h2>\n\n\n\n<p>Le sauna de jardin sans antichambre offre beaucoup d\u2019espace pour les saunas avec une vue magnifique sur le jardin gr\u00e2ce \u00e0 la grande fen\u00eatre panoramique et \u00e0 la porte vitr\u00e9e. Le rev\u00eatement ext\u00e9rieur en sapin argent\u00e9 gris glacier se retrouve \u00e9galement sur la couverture de la piscine et s\u2019int\u00e8gre harmonieusement dans l\u2019image globale du \u00ab jardin de bien-\u00eatre \u00bb. <\/p>\n\n\n\n<p>Le rev\u00eatement int\u00e9rieur est con\u00e7u en thermo-tremble bross\u00e9 avec des bancs rectilignes en thermo-tremble. L\u2019\u00e9clairage indirect \u00e0 LED met habilement en sc\u00e8ne le bois du sauna et fait du sauna un accroche-regard dans le jardin le soir en combinaison avec la piscine \u00e9clair\u00e9e. Si n\u00e9cessaire, l\u2019int\u00e9rieur du sauna peut \u00eatre ombrag\u00e9 par un store int\u00e9rieur.  <\/p>\n\n\n\n<p>Gr\u00e2ce au po\u00eale de sauna combin\u00e9, le sauna peut \u00eatre utilis\u00e9 soit comme sauna finlandais, soit comme <a href=\"https:\/\/www.corso-saunamanufaktur.com\/fr\/types-de-sauna\/\" data-type=\"post\" data-id=\"2378\">sauna bio<\/a> .  <\/p>\n\n\n\n<p><\/p>\n\n\n\n<h3 class=\"wp-block-heading\">Les chiffres cl\u00e9s du projet<\/h3>\n\n\n\n<p>Maison du sauna&nbsp;:<br>L\/P\/H 304 cm\/291 cm\/257 cm (sur mesure)<br><br>Dimensions int\u00e9rieures du sauna :<br>L\/P\/H 254 cm\/251 cm\/220 cm<br><br>Technologie du sauna :<br>EOS Herkules S60 Vapor Sauna Heater Bio Combi Heater Version Stand avec pierres de sauna 15 kW et 20 kg, Sauna Control EmoTec H<\/p>\n\n\n\n<p>Radiateurs infrarouges comme moniteurs de protection contre le gel dans la zone du plafond avec surface en verre noir<\/p>\n\n\n\n<p>Nous sommes \u00e9galement heureux de planifier votre sauna de jardin sans antichambre selon vos souhaits :<\/p>\n\n\n\n<p><\/p>\n\n\n\n<div class=\"wp-block-buttons is-layout-flex wp-block-buttons-is-layout-flex\">\n<div class=\"wp-block-button\"><a class=\"wp-block-button__link has-very-dark-gray-color has-luminous-vivid-amber-background-color has-text-color has-background no-border-radius wp-element-button\" href=\"https:\/\/www.corso-saunamanufaktur.com\/fr\/manufacture\/contact\/\"><strong>Demande de sauna de jardin  &gt;<\/strong><\/a><\/div>\n<\/div>\n<\/div>\n<\/div>\n\n\n<div id=\"crsx-mb-block-27a7285a-077e-426b-b028-d509f9e95805\" class=\"crsx-testimonnial-image is-style-alignfull\" style=\"background-image: url(https:\/\/www.corso-saunamanufaktur.com\/wp-content\/uploads\/2020\/08\/Corso-Benedictus-Lingens.jpg)\">\n\t\t<div class=\"icon\">\n\t\t<img decoding=\"async\" class=\"img-icon\" src=\"https:\/\/www.corso-saunamanufaktur.com\/wp-content\/uploads\/2020\/06\/CORSO-5013_s_beratungsgespraech.svg\" alt=\"\" title=\"\">\n\t<\/div>\n\t\t<div class=\"panel\">\n\t\t<div class=\"intro\">Conseils de professionnels<\/div>\n\t\t<blockquote class=\"quote\">Le sauna de jardin est une solution id\u00e9ale lorsqu&rsquo;il n&rsquo;y a tout simplement pas assez de place dans la maison. Nous vous conseillons volontiers sur toutes les options.<\/blockquote>\n\t\t<div class=\"source\">Benedictus Lingens, corso sauna manufaktur<\/div>\n\t\t\t<\/div>\n<\/div>\n\n\n\n<div style=\"height:25px\" aria-hidden=\"true\" class=\"wp-block-spacer\"><\/div>\n\n\n\n<p>Photos&nbsp;: Tom Bendix<br>Technologie du sauna : <a href=\"https:\/\/www.eos-sauna.com\/\" target=\"_blank\" rel=\"noreferrer noopener\">EOS<\/a><\/p>\n\n\n\n<div class=\"wp-block-jetpack-layout-grid column1-desktop-grid__span-6 column1-desktop-grid__row-1 column2-desktop-grid__span-6 column2-desktop-grid__start-7 column2-desktop-grid__row-1 column1-tablet-grid__span-4 column1-tablet-grid__row-1 column2-tablet-grid__span-4 column2-tablet-grid__start-5 column2-tablet-grid__row-1 column1-mobile-grid__span-4 column1-mobile-grid__row-1 column2-mobile-grid__span-4 column2-mobile-grid__row-2\">\n<div class=\"wp-block-jetpack-layout-grid-column wp-block-jetpack-layout-grid__padding-none\"><div id=\"crsx-mb-block-e4857cf8-ae40-40ac-a9af-32df69b12d35\" class=\"crsx-image-button \">\n\t<img decoding=\"async\" class=\"img-back\" src=\"https:\/\/www.corso-saunamanufaktur.com\/wp-content\/uploads\/2020\/06\/Sauna-Ausstellung-corso-1.jpg\" srcset=\"https:\/\/www.corso-saunamanufaktur.com\/wp-content\/uploads\/2020\/06\/Sauna-Ausstellung-corso-1-480x319.jpg 480w, https:\/\/www.corso-saunamanufaktur.com\/wp-content\/uploads\/2020\/06\/Sauna-Ausstellung-corso-1-1280x851.jpg 1280w, https:\/\/www.corso-saunamanufaktur.com\/wp-content\/uploads\/2020\/06\/Sauna-Ausstellung-corso-1-768x511.jpg 768w, https:\/\/www.corso-saunamanufaktur.com\/wp-content\/uploads\/2020\/06\/Sauna-Ausstellung-corso-1-640x426.jpg 640w, https:\/\/www.corso-saunamanufaktur.com\/wp-content\/uploads\/2020\/06\/Sauna-Ausstellung-corso-1-300x200.jpg 300w, https:\/\/www.corso-saunamanufaktur.com\/wp-content\/uploads\/2020\/06\/Sauna-Ausstellung-corso-1-1024x681.jpg 1024w, https:\/\/www.corso-saunamanufaktur.com\/wp-content\/uploads\/2020\/06\/Sauna-Ausstellung-corso-1.jpg 1400w\" alt=\"\" title=\"\">\n\t<div class=\"buttons\">\n\t\t<a class=\"btn-target\" href=\"https:\/\/www.corso-saunamanufaktur.com\/fr\/expositions-sauna\/\"><span class=\"btn-title\">Exhibitions<\/span><span class=\"btn-subtitle\">Faites-vous conseiller d\u00e8s maintenant<\/span><\/a>\t<\/div>\n<\/div>\n<\/div>\n\n\n\n<div class=\"wp-block-jetpack-layout-grid-column wp-block-jetpack-layout-grid__padding-none\"><div id=\"crsx-mb-block-f6b0aa78-1ccf-47c3-ab6f-360c84a22c08\" class=\"crsx-image-button \">\n\t<img decoding=\"async\" class=\"img-back\" src=\"https:\/\/www.corso-saunamanufaktur.com\/wp-content\/uploads\/2020\/08\/sauna-zeichnung-planung-corso-sauna-manufaktur.jpg\" srcset=\"https:\/\/www.corso-saunamanufaktur.com\/wp-content\/uploads\/2020\/08\/sauna-zeichnung-planung-corso-sauna-manufaktur-480x320.jpg 480w, https:\/\/www.corso-saunamanufaktur.com\/wp-content\/uploads\/2020\/08\/sauna-zeichnung-planung-corso-sauna-manufaktur-1280x853.jpg 1280w, https:\/\/www.corso-saunamanufaktur.com\/wp-content\/uploads\/2020\/08\/sauna-zeichnung-planung-corso-sauna-manufaktur-768x512.jpg 768w, https:\/\/www.corso-saunamanufaktur.com\/wp-content\/uploads\/2020\/08\/sauna-zeichnung-planung-corso-sauna-manufaktur-640x427.jpg 640w, https:\/\/www.corso-saunamanufaktur.com\/wp-content\/uploads\/2020\/08\/sauna-zeichnung-planung-corso-sauna-manufaktur.jpg 1400w\" alt=\"\" title=\"\">\n\t<div class=\"buttons\">\n\t\t<a class=\"btn-target\" href=\"https:\/\/www.corso-saunamanufaktur.com\/fr\/manufacture\/\"><span class=\"btn-title\">Manufacture<\/span><span class=\"btn-subtitle\">Beaucoup de sens du design<\/span><\/a>\t<\/div>\n<\/div>\n<\/div>\n<\/div>\n\n\n\n<p><\/p>\n","protected":false},"excerpt":{"rendered":"<p>En g\u00e9n\u00e9ral, nous recommandons de pr\u00e9voir un sauna de jardin avec une antichambre. Dans ce projet, cependant, le sauna de jardin a \u00e9t\u00e9 positionn\u00e9 et reli\u00e9 au mur de la maison existante de mani\u00e8re \u00e0 ce que les constructeurs puissent se rendre au sauna sans antichambre sans pieds secs. L\u2019espace disponible a ensuite \u00e9t\u00e9 enti\u00e8rement &#8230; <a title=\"Sauna de jardin sans antichambre\" class=\"read-more\" href=\"https:\/\/www.corso-saunamanufaktur.com\/fr\/sauna-de-jardin-sans-antichambre\/\" aria-label=\"En savoir plus sur Sauna de jardin sans antichambre\">Lire la suite<\/a><\/p>\n","protected":false},"author":5,"featured_media":28030,"comment_status":"closed","ping_status":"closed","sticky":false,"template":"","format":"standard","meta":{"om_disable_all_campaigns":false,"footnotes":""},"categories":[48],"tags":[],"class_list":["post-28149","post","type-post","status-publish","format-standard","has-post-thumbnail","hentry","category-referenz-fr"],"_links":{"self":[{"href":"https:\/\/www.corso-saunamanufaktur.com\/fr\/wp-json\/wp\/v2\/posts\/28149","targetHints":{"allow":["GET"]}}],"collection":[{"href":"https:\/\/www.corso-saunamanufaktur.com\/fr\/wp-json\/wp\/v2\/posts"}],"about":[{"href":"https:\/\/www.corso-saunamanufaktur.com\/fr\/wp-json\/wp\/v2\/types\/post"}],"author":[{"embeddable":true,"href":"https:\/\/www.corso-saunamanufaktur.com\/fr\/wp-json\/wp\/v2\/users\/5"}],"replies":[{"embeddable":true,"href":"https:\/\/www.corso-saunamanufaktur.com\/fr\/wp-json\/wp\/v2\/comments?post=28149"}],"version-history":[{"count":0,"href":"https:\/\/www.corso-saunamanufaktur.com\/fr\/wp-json\/wp\/v2\/posts\/28149\/revisions"}],"wp:featuredmedia":[{"embeddable":true,"href":"https:\/\/www.corso-saunamanufaktur.com\/fr\/wp-json\/wp\/v2\/media\/28030"}],"wp:attachment":[{"href":"https:\/\/www.corso-saunamanufaktur.com\/fr\/wp-json\/wp\/v2\/media?parent=28149"}],"wp:term":[{"taxonomy":"category","embeddable":true,"href":"https:\/\/www.corso-saunamanufaktur.com\/fr\/wp-json\/wp\/v2\/categories?post=28149"},{"taxonomy":"post_tag","embeddable":true,"href":"https:\/\/www.corso-saunamanufaktur.com\/fr\/wp-json\/wp\/v2\/tags?post=28149"}],"curies":[{"name":"wp","href":"https:\/\/api.w.org\/{rel}","templated":true}]}}